{"id":76439,"date":"2018-12-13T11:32:18","date_gmt":"2018-12-13T14:32:18","guid":{"rendered":"http:\/\/www.caririemacao.com\/1\/?p=76439"},"modified":"2018-12-13T11:32:18","modified_gmt":"2018-12-13T14:32:18","slug":"tse-arquiva-acao-em-que-pt-pedia-inelegibilidade-de-bolsonaro","status":"publish","type":"post","link":"https:\/\/www.caririemacao.com\/1\/2018\/12\/13\/tse-arquiva-acao-em-que-pt-pedia-inelegibilidade-de-bolsonaro\/","title":{"rendered":"TSE arquiva a\u00e7\u00e3o em que PT pedia inelegibilidade de Bolsonaro"},"content":{"rendered":"<p>O Tribunal Superior Eleitoral (TSE) decidiu hoje (13), por unanimidade, arquivar uma a\u00e7\u00e3o em que a coliga\u00e7\u00e3o do PT pedia a inelegibilidade de Jair Bolsonaro e de seu vice, general Hamilton Mour\u00e3o, por abuso de poder econ\u00f4mico na campanha eleitoral. O caso envolvia o empres\u00e1rio Luciano Hang, dono da rede de lojas Havan.<\/p>\n<p>Na a\u00e7\u00e3o, o PT diz que Bolsonaro n\u00e3o declarou em sua presta\u00e7\u00e3o de contas benef\u00edcio recebido do empres\u00e1rio, que teria constrangido seus funcion\u00e1rios a votar no ent\u00e3o candidato do PSL, sob a amea\u00e7a de demiss\u00f5es.<\/p>\n<p>O partido, que teve Fernando Haddad como seu candidato, apontou epis\u00f3dios em que o Hang teria coagido funcion\u00e1rios a ir trabalhar com camisetas em favor de Bolsonaro e falas em que ele pintava cen\u00e1rio de perda de empregos no caso de vit\u00f3ria do PT.<\/p>\n<p>No julgamento, iniciado em 4 de dezembro e conclu\u00eddo nesta quinta-feira (13) com os votos dos ministros Edson Fachin e Rosa Weber, o plen\u00e1rio do TSE entendeu n\u00e3o haver provas robustas o bastante para configurar o abuso de poder econ\u00f4mico, ainda mais diante da consequ\u00eancia grave que seria a inelegibilidade e cassa\u00e7\u00e3o da chapa vencedora.<\/p>\n<p>O relator do caso, ministro Jorge Mussi, afirmou em seu voto que \u201cpara se caracterizar o abuso de poder \u00e9 impositivo restar comprovado de forma inequ\u00edvoca a gravidade dos fatos\u201d, e isso n\u00e3o teria ocorrido de forma \u201crobusta e concreta\u201d no caso das lojas Havan.<\/p>\n<p>Al\u00e9m de Rosa e Fachin, seguiram o relator os ministros Og Fernandes, Admar Gonzaga, Tarc\u00edsio Vieira e Lu\u00eds Roberto Barroso.<\/p>\n<p>&nbsp;<\/p>\n<p>Ag\u00eancia Brasil<\/p>\n","protected":false},"excerpt":{"rendered":"<p>O Tribunal Superior Eleitoral (TSE) decidiu hoje (13), por unanimidade, arquivar uma a\u00e7\u00e3o em que a coliga\u00e7\u00e3o do PT pedia a inelegibilidade de Jair Bolsonaro&hellip; <\/p>\n","protected":false},"author":1,"featured_media":65811,"comment_status":"closed","ping_status":"closed","sticky":false,"template":"","format":"standard","meta":{"sfsi_plus_gutenberg_text_before_share":"","sfsi_plus_gutenberg_show_text_before_share":"","sfsi_plus_gutenberg_icon_type":"","sfsi_plus_gutenberg_icon_alignemt":"","sfsi_plus_gutenburg_max_per_row":"","footnotes":""},"categories":[11],"tags":[],"class_list":["post-76439","post","type-post","status-publish","format-standard","has-post-thumbnail","hentry","category-politica"],"_links":{"self":[{"href":"https:\/\/www.caririemacao.com\/1\/wp-json\/wp\/v2\/posts\/76439","targetHints":{"allow":["GET"]}}],"collection":[{"href":"https:\/\/www.caririemacao.com\/1\/wp-json\/wp\/v2\/posts"}],"about":[{"href":"https:\/\/www.caririemacao.com\/1\/wp-json\/wp\/v2\/types\/post"}],"author":[{"embeddable":true,"href":"https:\/\/www.caririemacao.com\/1\/wp-json\/wp\/v2\/users\/1"}],"replies":[{"embeddable":true,"href":"https:\/\/www.caririemacao.com\/1\/wp-json\/wp\/v2\/comments?post=76439"}],"version-history":[{"count":1,"href":"https:\/\/www.caririemacao.com\/1\/wp-json\/wp\/v2\/posts\/76439\/revisions"}],"predecessor-version":[{"id":76440,"href":"https:\/\/www.caririemacao.com\/1\/wp-json\/wp\/v2\/posts\/76439\/revisions\/76440"}],"wp:featuredmedia":[{"embeddable":true,"href":"https:\/\/www.caririemacao.com\/1\/wp-json\/wp\/v2\/media\/65811"}],"wp:attachment":[{"href":"https:\/\/www.caririemacao.com\/1\/wp-json\/wp\/v2\/media?parent=76439"}],"wp:term":[{"taxonomy":"category","embeddable":true,"href":"https:\/\/www.caririemacao.com\/1\/wp-json\/wp\/v2\/categories?post=76439"},{"taxonomy":"post_tag","embeddable":true,"href":"https:\/\/www.caririemacao.com\/1\/wp-json\/wp\/v2\/tags?post=76439"}],"curies":[{"name":"wp","href":"https:\/\/api.w.org\/{rel}","templated":true}]}}