{"id":76445,"date":"2018-12-13T11:54:13","date_gmt":"2018-12-13T14:54:13","guid":{"rendered":"http:\/\/www.caririemacao.com\/1\/?p=76445"},"modified":"2018-12-13T11:54:13","modified_gmt":"2018-12-13T14:54:13","slug":"unesco-reconhece-uniao-homoafetiva-como-patrimonio-mundial","status":"publish","type":"post","link":"https:\/\/www.caririemacao.com\/1\/2018\/12\/13\/unesco-reconhece-uniao-homoafetiva-como-patrimonio-mundial\/","title":{"rendered":"Unesco reconhece uni\u00e3o homoafetiva como patrim\u00f4nio mundial"},"content":{"rendered":"<p>A decis\u00e3o do Supremo Tribunal Federal (STF) de reconhecer, em 2011, a uni\u00e3o homoafetiva e a garantia dos direitos fundamentais aos homossexuais, recebeu o certificado MoWBrasil 2018, oferecido pelo Comit\u00ea Nacional do Brasil do Programa Mem\u00f3ria do Mundo da\u00a0 Organiza\u00e7\u00e3o das Na\u00e7\u00f5es Unidas para a Educa\u00e7\u00e3o, a Ci\u00eancia e a Cultura\u00a0 (Unesco),<\/p>\n<p>A decis\u00e3o foi inscrita como patrim\u00f4nio documental da humanidade no Registro Nacional do Brasil. O ex-ministro Ayres Britto, do STF, relator das a\u00e7\u00f5es que trataram do tema, representou a Corte durante cerim\u00f4nia ontem (12), no Rio de Janeiro.<\/p>\n<p>\u201cA Constitui\u00e7\u00e3o \u00e9 arejadora dos costumes e sabe enterrar ideias mortas\u201d, ressaltou o ministro. \u201c[A decis\u00e3o do STF] \u00e9 de proibi\u00e7\u00e3o do preconceito em fun\u00e7\u00e3o do modo sexual de ser das pessoas\u201d, disse.<\/p>\n<p>Ayres Britto acrescentou que este \u00e9 um caminho de qualidade civilizat\u00f3ria democr\u00e1tica e humanista. \u201c\u00c9 caminho sem volta, \u00e9 descoloniza\u00e7\u00e3o mental.\u201d<\/p>\n<p>A presidente do Comit\u00ea Nacional da Mem\u00f3ria do Mundo da Unesco, Jussara Derenji, destacou que \u201cum caleidosc\u00f3pio da hist\u00f3ria est\u00e1 se formando atrav\u00e9s de novas contribui\u00e7\u00f5es das institui\u00e7\u00f5es nacionais\u201d.<\/p>\n<p>&nbsp;<\/p>\n<p>EBC<\/p>\n","protected":false},"excerpt":{"rendered":"<p>A decis\u00e3o do Supremo Tribunal Federal (STF) de reconhecer, em 2011, a uni\u00e3o homoafetiva e a garantia dos direitos fundamentais aos homossexuais, recebeu o certificado&hellip; <\/p>\n","protected":false},"author":1,"featured_media":76446,"comment_status":"closed","ping_status":"closed","sticky":false,"template":"","format":"standard","meta":{"sfsi_plus_gutenberg_text_before_share":"","sfsi_plus_gutenberg_show_text_before_share":"","sfsi_plus_gutenberg_icon_type":"","sfsi_plus_gutenberg_icon_alignemt":"","sfsi_plus_gutenburg_max_per_row":"","footnotes":""},"categories":[2],"tags":[],"class_list":["post-76445","post","type-post","status-publish","format-standard","has-post-thumbnail","hentry","category-geral"],"_links":{"self":[{"href":"https:\/\/www.caririemacao.com\/1\/wp-json\/wp\/v2\/posts\/76445","targetHints":{"allow":["GET"]}}],"collection":[{"href":"https:\/\/www.caririemacao.com\/1\/wp-json\/wp\/v2\/posts"}],"about":[{"href":"https:\/\/www.caririemacao.com\/1\/wp-json\/wp\/v2\/types\/post"}],"author":[{"embeddable":true,"href":"https:\/\/www.caririemacao.com\/1\/wp-json\/wp\/v2\/users\/1"}],"replies":[{"embeddable":true,"href":"https:\/\/www.caririemacao.com\/1\/wp-json\/wp\/v2\/comments?post=76445"}],"version-history":[{"count":1,"href":"https:\/\/www.caririemacao.com\/1\/wp-json\/wp\/v2\/posts\/76445\/revisions"}],"predecessor-version":[{"id":76447,"href":"https:\/\/www.caririemacao.com\/1\/wp-json\/wp\/v2\/posts\/76445\/revisions\/76447"}],"wp:featuredmedia":[{"embeddable":true,"href":"https:\/\/www.caririemacao.com\/1\/wp-json\/wp\/v2\/media\/76446"}],"wp:attachment":[{"href":"https:\/\/www.caririemacao.com\/1\/wp-json\/wp\/v2\/media?parent=76445"}],"wp:term":[{"taxonomy":"category","embeddable":true,"href":"https:\/\/www.caririemacao.com\/1\/wp-json\/wp\/v2\/categories?post=76445"},{"taxonomy":"post_tag","embeddable":true,"href":"https:\/\/www.caririemacao.com\/1\/wp-json\/wp\/v2\/tags?post=76445"}],"curies":[{"name":"wp","href":"https:\/\/api.w.org\/{rel}","templated":true}]}}