{"id":76448,"date":"2018-12-13T12:00:43","date_gmt":"2018-12-13T15:00:43","guid":{"rendered":"http:\/\/www.caririemacao.com\/1\/?p=76448"},"modified":"2018-12-13T12:00:43","modified_gmt":"2018-12-13T15:00:43","slug":"grupo-de-idosos-alegria-de-viver-finalizam-atividades-do-ano-com-confraternizacao","status":"publish","type":"post","link":"https:\/\/www.caririemacao.com\/1\/2018\/12\/13\/grupo-de-idosos-alegria-de-viver-finalizam-atividades-do-ano-com-confraternizacao\/","title":{"rendered":"GRUPO DE IDOSOS ALEGRIA DE VIVER FINALIZAM ATIVIDADES DO ANO COM CONFRATERNIZA\u00c7\u00c3O"},"content":{"rendered":"<p>A Secretaria de Assist\u00eancia Social, atrav\u00e9s do Cras, realizou a confraterniza\u00e7\u00e3o do Grupo de Idosos Alegria de Viver, na quarta-feira (12).<\/p>\n<p>O momento foi de festa para o grupo, que tem cerca de 30 pessoas participantes e que se re\u00fanem todas as quartas-feiras no Cras.<\/p>\n<div class=\"text_exposed_show\">\n<p>O prefeito \u00c9den e a secret\u00e1ria de Assist\u00eancia Social, Tanniery L\u00eala estiveram presentes ao evento juntamente com a equipe de servidores do Cras.<\/p>\n<p>Tamb\u00e9m participaram usu\u00e1rios do Projeto M\u00f4nica que levaram apresenta\u00e7\u00f5es de m\u00fasica para mostrar o que aprenderam nas oficinas do projeto com os facilitadores Leandro, Jonate e \u00cdtalo.<\/p>\n<p>Ainda na quarta-feira (12), a Secretaria de Assist\u00eancia ainda fez a confraterniza\u00e7\u00e3o do Abrigo de Idosos Ros\u00e1lia Paulino no turno da tarde.<\/p>\n<\/div>\n<p>&nbsp;<\/p>\n<p>Ascom\/Sum\u00e9<\/p>\n","protected":false},"excerpt":{"rendered":"<p>A Secretaria de Assist\u00eancia Social, atrav\u00e9s do Cras, realizou a confraterniza\u00e7\u00e3o do Grupo de Idosos Alegria de Viver, na quarta-feira (12). O momento foi de&hellip; <\/p>\n","protected":false},"author":1,"featured_media":76449,"comment_status":"closed","ping_status":"closed","sticky":false,"template":"","format":"standard","meta":{"sfsi_plus_gutenberg_text_before_share":"","sfsi_plus_gutenberg_show_text_before_share":"","sfsi_plus_gutenberg_icon_type":"","sfsi_plus_gutenberg_icon_alignemt":"","sfsi_plus_gutenburg_max_per_row":"","footnotes":""},"categories":[6],"tags":[],"class_list":["post-76448","post","type-post","status-publish","format-standard","has-post-thumbnail","hentry","category-cidades"],"_links":{"self":[{"href":"https:\/\/www.caririemacao.com\/1\/wp-json\/wp\/v2\/posts\/76448","targetHints":{"allow":["GET"]}}],"collection":[{"href":"https:\/\/www.caririemacao.com\/1\/wp-json\/wp\/v2\/posts"}],"about":[{"href":"https:\/\/www.caririemacao.com\/1\/wp-json\/wp\/v2\/types\/post"}],"author":[{"embeddable":true,"href":"https:\/\/www.caririemacao.com\/1\/wp-json\/wp\/v2\/users\/1"}],"replies":[{"embeddable":true,"href":"https:\/\/www.caririemacao.com\/1\/wp-json\/wp\/v2\/comments?post=76448"}],"version-history":[{"count":1,"href":"https:\/\/www.caririemacao.com\/1\/wp-json\/wp\/v2\/posts\/76448\/revisions"}],"predecessor-version":[{"id":76450,"href":"https:\/\/www.caririemacao.com\/1\/wp-json\/wp\/v2\/posts\/76448\/revisions\/76450"}],"wp:featuredmedia":[{"embeddable":true,"href":"https:\/\/www.caririemacao.com\/1\/wp-json\/wp\/v2\/media\/76449"}],"wp:attachment":[{"href":"https:\/\/www.caririemacao.com\/1\/wp-json\/wp\/v2\/media?parent=76448"}],"wp:term":[{"taxonomy":"category","embeddable":true,"href":"https:\/\/www.caririemacao.com\/1\/wp-json\/wp\/v2\/categories?post=76448"},{"taxonomy":"post_tag","embeddable":true,"href":"https:\/\/www.caririemacao.com\/1\/wp-json\/wp\/v2\/tags?post=76448"}],"curies":[{"name":"wp","href":"https:\/\/api.w.org\/{rel}","templated":true}]}}