{"id":76451,"date":"2018-12-13T12:08:36","date_gmt":"2018-12-13T15:08:36","guid":{"rendered":"http:\/\/www.caririemacao.com\/1\/?p=76451"},"modified":"2018-12-13T12:08:36","modified_gmt":"2018-12-13T15:08:36","slug":"tres-pessoas-morrem-durante-colisao-entre-dois-veiculos-no-sertao-do-estado","status":"publish","type":"post","link":"https:\/\/www.caririemacao.com\/1\/2018\/12\/13\/tres-pessoas-morrem-durante-colisao-entre-dois-veiculos-no-sertao-do-estado\/","title":{"rendered":"Tr\u00eas pessoas morrem durante colis\u00e3o entre dois ve\u00edculos no Sert\u00e3o do Estado"},"content":{"rendered":"<p>Tr\u00eas pessoas morreram durante um acidente registrado na manh\u00e3 desta quinta-feira (13) na BR-230 entre as cidades de Pombal e Aparecida. Dois ve\u00edculos se colidiram de frente nas proximidades do S\u00edtio Mufumbo.<\/p>\n<p>De acordo com informa\u00e7\u00f5es do Blog do Naldo Silva, o advogado S\u00e1vio Wanderley de Medeiros e outras duas pessoas que seguiam em um carro com destino \u00e0 cidade de Sousa acabaram morrendo.<\/p>\n<p>O acidente teria sido provocado por uma tentativa indevida de ultrapassagem. O Servi\u00e7o de Atendimento M\u00f3vel de Urg\u00eancia (Samu) e o Corpo de Bombeiros foram acionados para atender a ocorr\u00eancia.<\/p>\n<p>O motorista e uma pessoa que estava no banco de carona no outro ve\u00edculo\u00a0foram socorridas e levadas para o Hospital Regional de Pombal.<\/p>\n<figure><img decoding=\"async\" data-src=\"https:\/\/www.clickpb.com.br\/media\/filer_public\/b2\/b2\/b2b27cbd-a4b3-4b56-a0f7-84c73fa96157\/acidente_pombal.jpg\" data-image=\"108682\" src=\"data:image\/svg+xml;base64,PHN2ZyB3aWR0aD0iMSIgaGVpZ2h0PSIxIiB4bWxucz0iaHR0cDovL3d3dy53My5vcmcvMjAwMC9zdmciPjwvc3ZnPg==\" class=\"lazyload\" \/><\/figure>\n<p>&nbsp;<\/p>\n<p>ClickPB<\/p>\n","protected":false},"excerpt":{"rendered":"<p>Tr\u00eas pessoas morreram durante um acidente registrado na manh\u00e3 desta quinta-feira (13) na BR-230 entre as cidades de Pombal e Aparecida. Dois ve\u00edculos se colidiram&hellip; <\/p>\n","protected":false},"author":1,"featured_media":76452,"comment_status":"closed","ping_status":"closed","sticky":false,"template":"","format":"standard","meta":{"sfsi_plus_gutenberg_text_before_share":"","sfsi_plus_gutenberg_show_text_before_share":"","sfsi_plus_gutenberg_icon_type":"","sfsi_plus_gutenberg_icon_alignemt":"","sfsi_plus_gutenburg_max_per_row":"","footnotes":""},"categories":[12],"tags":[],"class_list":["post-76451","post","type-post","status-publish","format-standard","has-post-thumbnail","hentry","category-policia"],"_links":{"self":[{"href":"https:\/\/www.caririemacao.com\/1\/wp-json\/wp\/v2\/posts\/76451","targetHints":{"allow":["GET"]}}],"collection":[{"href":"https:\/\/www.caririemacao.com\/1\/wp-json\/wp\/v2\/posts"}],"about":[{"href":"https:\/\/www.caririemacao.com\/1\/wp-json\/wp\/v2\/types\/post"}],"author":[{"embeddable":true,"href":"https:\/\/www.caririemacao.com\/1\/wp-json\/wp\/v2\/users\/1"}],"replies":[{"embeddable":true,"href":"https:\/\/www.caririemacao.com\/1\/wp-json\/wp\/v2\/comments?post=76451"}],"version-history":[{"count":1,"href":"https:\/\/www.caririemacao.com\/1\/wp-json\/wp\/v2\/posts\/76451\/revisions"}],"predecessor-version":[{"id":76453,"href":"https:\/\/www.caririemacao.com\/1\/wp-json\/wp\/v2\/posts\/76451\/revisions\/76453"}],"wp:featuredmedia":[{"embeddable":true,"href":"https:\/\/www.caririemacao.com\/1\/wp-json\/wp\/v2\/media\/76452"}],"wp:attachment":[{"href":"https:\/\/www.caririemacao.com\/1\/wp-json\/wp\/v2\/media?parent=76451"}],"wp:term":[{"taxonomy":"category","embeddable":true,"href":"https:\/\/www.caririemacao.com\/1\/wp-json\/wp\/v2\/categories?post=76451"},{"taxonomy":"post_tag","embeddable":true,"href":"https:\/\/www.caririemacao.com\/1\/wp-json\/wp\/v2\/tags?post=76451"}],"curies":[{"name":"wp","href":"https:\/\/api.w.org\/{rel}","templated":true}]}}