{"id":76465,"date":"2018-12-13T13:55:34","date_gmt":"2018-12-13T16:55:34","guid":{"rendered":"http:\/\/www.caririemacao.com\/1\/?p=76465"},"modified":"2018-12-13T13:55:34","modified_gmt":"2018-12-13T16:55:34","slug":"deputado-branco-mendes-destina-emenda-para-construcao-de-distrito-mecanico-em-sume","status":"publish","type":"post","link":"https:\/\/www.caririemacao.com\/1\/2018\/12\/13\/deputado-branco-mendes-destina-emenda-para-construcao-de-distrito-mecanico-em-sume\/","title":{"rendered":"Deputado Branco Mendes destina emenda para constru\u00e7\u00e3o de distrito mec\u00e2nico em Sum\u00e9"},"content":{"rendered":"<p style=\"margin: 0px 0px 13px; padding: 0px; border: 0px currentColor; color: #555555; text-transform: none; line-height: 24px; text-indent: 0px; letter-spacing: normal; font-family: 'Droid Sans'; font-size: 14px; font-style: normal; font-weight: normal; word-spacing: 0px; vertical-align: baseline; white-space: normal; box-sizing: border-box; orphans: 2; widows: 2; font-stretch: inherit; background-color: #ffffff; font-variant-ligatures: normal; font-variant-caps: normal; -webkit-text-stroke-width: 0px; text-decoration-style: initial; text-decoration-color: initial; font-variant-numeric: inherit;\">O deputado Branco Mendes, indicou emenda ao Or\u00e7amento do Governo do Estado para 2019, no valor de R$ 300 mil para a constru\u00e7\u00e3o de um distrito mec\u00e2nico no munic\u00edpio de Sum\u00e9.<\/p>\n<p style=\"margin: 0px 0px 13px; padding: 0px; border: 0px currentColor; color: #555555; text-transform: none; line-height: 24px; text-indent: 0px; letter-spacing: normal; font-family: 'Droid Sans'; font-size: 14px; font-style: normal; font-weight: normal; word-spacing: 0px; vertical-align: baseline; white-space: normal; box-sizing: border-box; orphans: 2; widows: 2; font-stretch: inherit; background-color: #ffffff; font-variant-ligatures: normal; font-variant-caps: normal; -webkit-text-stroke-width: 0px; text-decoration-style: initial; text-decoration-color: initial; font-variant-numeric: inherit;\">A constru\u00e7\u00e3o de um distrito mec\u00e2nico j\u00e1 fazia parte do plano de governo do prefeito \u00c9den Duarte, que manteve entendimento com o deputado Branco para que os recursos fossem alocados para essa finalidade.<\/p>\n<p style=\"margin: 0px 0px 13px; padding: 0px; border: 0px currentColor; color: #555555; text-transform: none; line-height: 24px; text-indent: 0px; letter-spacing: normal; font-family: 'Droid Sans'; font-size: 14px; font-style: normal; font-weight: normal; word-spacing: 0px; vertical-align: baseline; white-space: normal; box-sizing: border-box; orphans: 2; widows: 2; font-stretch: inherit; background-color: #ffffff; font-variant-ligatures: normal; font-variant-caps: normal; -webkit-text-stroke-width: 0px; text-decoration-style: initial; text-decoration-color: initial; font-variant-numeric: inherit;\">A constru\u00e7\u00e3o do distrito ir\u00e1 proporcionar a preven\u00e7\u00e3o e corre\u00e7\u00e3o de autom\u00f3veis com diversas especialidades mec\u00e2nicas em um \u00fanico lugar, al\u00e9m de trazer novos investimentos para o crescimento no setor industrial.<\/p>\n<p style=\"margin: 0px 0px 13px; padding: 0px; border: 0px currentColor; color: #555555; text-transform: none; line-height: 24px; text-indent: 0px; letter-spacing: normal; font-family: 'Droid Sans'; font-size: 14px; font-style: normal; font-weight: normal; word-spacing: 0px; vertical-align: baseline; white-space: normal; box-sizing: border-box; orphans: 2; widows: 2; font-stretch: inherit; background-color: #ffffff; font-variant-ligatures: normal; font-variant-caps: normal; -webkit-text-stroke-width: 0px; text-decoration-style: initial; text-decoration-color: initial; font-variant-numeric: inherit;\">O prefeito \u00c9den agradeceu ao deputado Branco Mendes por mais uma a\u00e7\u00e3o em benef\u00edcio do munic\u00edpio de Sum\u00e9.<\/p>\n<p style=\"margin: 0px 0px 13px; padding: 0px; border: 0px currentColor; color: #555555; text-transform: none; line-height: 24px; text-indent: 0px; letter-spacing: normal; font-family: 'Droid Sans'; font-size: 14px; font-style: normal; font-weight: normal; word-spacing: 0px; vertical-align: baseline; white-space: normal; box-sizing: border-box; orphans: 2; widows: 2; font-stretch: inherit; background-color: #ffffff; font-variant-ligatures: normal; font-variant-caps: normal; -webkit-text-stroke-width: 0px; text-decoration-style: initial; text-decoration-color: initial; font-variant-numeric: inherit;\">Ele enfatizou que o projeto ir\u00e1 ajudar a desobstruir as ruas que tenham oficinas mec\u00e2nicas, j\u00e1 que todas ficar\u00e3o concentradas em um mesmo local com servi\u00e7os de qualidade e com a oferta de materiais automotivos industriais.<\/p>\n<p style=\"margin: 0px 0px 13px; padding: 0px; border: 0px currentColor; color: #555555; text-transform: none; line-height: 24px; text-indent: 0px; letter-spacing: normal; font-family: 'Droid Sans'; font-size: 14px; font-style: normal; font-weight: normal; word-spacing: 0px; vertical-align: baseline; white-space: normal; box-sizing: border-box; orphans: 2; widows: 2; font-stretch: inherit; background-color: #ffffff; font-variant-ligatures: normal; font-variant-caps: normal; -webkit-text-stroke-width: 0px; text-decoration-style: initial; text-decoration-color: initial; font-variant-numeric: inherit;\">\u201cO distrito possibilitar\u00e1 tamb\u00e9m a gera\u00e7\u00e3o de emprego e renda para muitas pessoas, especialmente \u00e0quelas que trabalham no ramo automotivo\u201d, disse o prefeito.<\/p>\n<p style=\"margin: 0px 0px 13px; padding: 0px; border: 0px currentColor; color: #555555; text-transform: none; line-height: 24px; text-indent: 0px; letter-spacing: normal; font-family: 'Droid Sans'; font-size: 14px; font-style: normal; font-weight: normal; word-spacing: 0px; vertical-align: baseline; white-space: normal; box-sizing: border-box; orphans: 2; widows: 2; font-stretch: inherit; background-color: #ffffff; font-variant-ligatures: normal; font-variant-caps: normal; -webkit-text-stroke-width: 0px; text-decoration-style: initial; text-decoration-color: initial; font-variant-numeric: inherit;\">\n<p style=\"margin: 0px 0px 13px; padding: 0px; border: 0px currentColor; color: #555555; text-transform: none; line-height: 24px; text-indent: 0px; letter-spacing: normal; font-family: 'Droid Sans'; font-size: 14px; font-style: normal; font-weight: normal; word-spacing: 0px; vertical-align: baseline; white-space: normal; box-sizing: border-box; orphans: 2; widows: 2; font-stretch: inherit; background-color: #ffffff; font-variant-ligatures: normal; font-variant-caps: normal; -webkit-text-stroke-width: 0px; text-decoration-style: initial; text-decoration-color: initial; font-variant-numeric: inherit;\">Ascom PMS<\/p>\n","protected":false},"excerpt":{"rendered":"<p>O deputado Branco Mendes, indicou emenda ao Or\u00e7amento do Governo do Estado para 2019, no valor de R$ 300 mil para a constru\u00e7\u00e3o de um&hellip; <\/p>\n","protected":false},"author":1,"featured_media":56085,"comment_status":"closed","ping_status":"closed","sticky":false,"template":"","format":"standard","meta":{"sfsi_plus_gutenberg_text_before_share":"","sfsi_plus_gutenberg_show_text_before_share":"","sfsi_plus_gutenberg_icon_type":"","sfsi_plus_gutenberg_icon_alignemt":"","sfsi_plus_gutenburg_max_per_row":"","footnotes":""},"categories":[2],"tags":[],"class_list":["post-76465","post","type-post","status-publish","format-standard","has-post-thumbnail","hentry","category-geral"],"_links":{"self":[{"href":"https:\/\/www.caririemacao.com\/1\/wp-json\/wp\/v2\/posts\/76465","targetHints":{"allow":["GET"]}}],"collection":[{"href":"https:\/\/www.caririemacao.com\/1\/wp-json\/wp\/v2\/posts"}],"about":[{"href":"https:\/\/www.caririemacao.com\/1\/wp-json\/wp\/v2\/types\/post"}],"author":[{"embeddable":true,"href":"https:\/\/www.caririemacao.com\/1\/wp-json\/wp\/v2\/users\/1"}],"replies":[{"embeddable":true,"href":"https:\/\/www.caririemacao.com\/1\/wp-json\/wp\/v2\/comments?post=76465"}],"version-history":[{"count":1,"href":"https:\/\/www.caririemacao.com\/1\/wp-json\/wp\/v2\/posts\/76465\/revisions"}],"predecessor-version":[{"id":76466,"href":"https:\/\/www.caririemacao.com\/1\/wp-json\/wp\/v2\/posts\/76465\/revisions\/76466"}],"wp:featuredmedia":[{"embeddable":true,"href":"https:\/\/www.caririemacao.com\/1\/wp-json\/wp\/v2\/media\/56085"}],"wp:attachment":[{"href":"https:\/\/www.caririemacao.com\/1\/wp-json\/wp\/v2\/media?parent=76465"}],"wp:term":[{"taxonomy":"category","embeddable":true,"href":"https:\/\/www.caririemacao.com\/1\/wp-json\/wp\/v2\/categories?post=76465"},{"taxonomy":"post_tag","embeddable":true,"href":"https:\/\/www.caririemacao.com\/1\/wp-json\/wp\/v2\/tags?post=76465"}],"curies":[{"name":"wp","href":"https:\/\/api.w.org\/{rel}","templated":true}]}}