{"id":76469,"date":"2018-12-13T15:08:07","date_gmt":"2018-12-13T18:08:07","guid":{"rendered":"http:\/\/www.caririemacao.com\/1\/?p=76469"},"modified":"2018-12-13T15:08:07","modified_gmt":"2018-12-13T18:08:07","slug":"cni-ibope-74-avaliam-governo-temer-como-ruim-ou-pessimo","status":"publish","type":"post","link":"https:\/\/www.caririemacao.com\/1\/2018\/12\/13\/cni-ibope-74-avaliam-governo-temer-como-ruim-ou-pessimo\/","title":{"rendered":"CNI\/Ibope: 74% avaliam governo Temer como ruim ou p\u00e9ssimo"},"content":{"rendered":"<p>Pesquisa de opini\u00e3o CNI\/Ibope divulgada\u00a0hoje\u00a0(13) mostra que 74% dos brasileiros avaliam o governo de Michel Temer como ruim ou p\u00e9ssimo; 18%, como regular; e 5%, como \u00f3timo ou bom, enquanto 3% n\u00e3o sabem ou n\u00e3o responderam \u00e0 pergunta.<\/p>\n<p>De acordo com o estudo, o percentual dos que avaliam o atual governo como \u00f3timo ou bom est\u00e1\u00a0praticamente inalterado desde julho de 2017. Entre setembro e dezembro deste ano, o \u00edndice oscilou de 4% para 5%, dentro da margem de erro da pesquisa, que \u00e9 de dois\u00a0pontos percentuais para cima ou para baixo.<\/p>\n<p>J\u00e1 o percentual dos que avaliam o governo Temer como ruim ou p\u00e9ssimo caiu de 82% em setembro para 74% em dezembro.<\/p>\n<div class=\"dnd-widget-wrapper context-cheio_8colunas type-image\">\n<div class=\"dnd-atom-rendered\"><!-- scald=128929:cheio_8colunas {\"additionalClasses\":\"\"} --><\/p>\n<figure class=\"mejs-fotoh-wrapper\"><img decoding=\"async\" class=\"img-responsive full full lazyload\" title=\"Alan Santos\/PR\" data-src=\"http:\/\/imagens.ebc.com.br\/8jJdk1djhTPnxlmX1MvcepoLjtA=\/754x0\/smart\/http:\/\/agenciabrasil.ebc.com.br\/sites\/default\/files\/thumbnails\/image\/12122018-cerimnia-de-imposio-da-ordem-do-mrito-da-segurana-pblica_46286909901_odf.jpg?itok=5vdGU8br\" alt=\"Presidente Michel Temer durante Cerim\u00f4nia de imposi\u00e7\u00e3o da Ordem do M\u00e9rito da Seguran\u00e7a P\u00fablica.\" src=\"data:image\/svg+xml;base64,PHN2ZyB3aWR0aD0iMSIgaGVpZ2h0PSIxIiB4bWxucz0iaHR0cDovL3d3dy53My5vcmcvMjAwMC9zdmciPjwvc3ZnPg==\" \/><\/figure>\n<p><!-- END scald=128929 --><\/div>\n<div class=\"dnd-caption-wrapper\">\n<div class=\"meta\">Pesquisa CNI\/Ibope traz avalia\u00e7\u00e3o do governo de Michel Temer\u00a0&#8211; <strong>Alan Santos\/PR<\/strong><!--END copyright=128929--><\/div>\n<\/div>\n<\/div>\n<p>Neste m\u00eas, 18% dos entrevistados\u00a0avaliaram o governo como regular &#8211; um aumento de seis\u00a0pontos percentuais em rela\u00e7\u00e3o ao registrado em\u00a0setembro.<\/p>\n<p><strong>Aprova\u00e7\u00e3o<\/strong><\/p>\n<p>Conforme a pesquisa, Temer encerra o\u00a0mandato com menor\u00a0n\u00edvel de aprova\u00e7\u00e3o &#8211; 85% dos entrevistados desaprovam o atual governo, 9% aprovam e 5% n\u00e3o sabem ou n\u00e3o responderam.<\/p>\n<p>Apesar de elevado, o percentual de desaprova\u00e7\u00e3o caiu 7 pontos, em rela\u00e7\u00e3o ao de setembro, quando chegava a 92%. J\u00e1 o percentual de aprova\u00e7\u00e3o subiu dentro da margem de erro da pesquisa, passando de 6% em setembro para 9% em dezembro.<\/p>\n<p><strong>Confian\u00e7a\u00a0<\/strong><\/p>\n<p>A pesquisa mostra ainda que 90% dos brasileiros n\u00e3o confiam no governo Temer, patamar registrado desde setembro de 2017. Conforme a pesquisa, os que demonstram confian\u00e7a passaram de 5% para 7%\u00a0. E\u00a03% dos entrevistados n\u00e3o sabem ou n\u00e3o responderam.<\/p>\n<p>A pesquisa foi realizada entre\u00a029 de novembro\u00a0e\u00a02 de dezembro\u00a0e ouviu 2 mil eleitores de 127 munic\u00edpios. A margem de erro estimada \u00e9 de 2 pontos percentuais para mais ou para menos e o n\u00edvel de confian\u00e7a \u00e9 de 95%.<\/p>\n<p>&nbsp;<\/p>\n<p>Ag\u00eancia Brasil<\/p>\n","protected":false},"excerpt":{"rendered":"<p>Pesquisa de opini\u00e3o CNI\/Ibope divulgada\u00a0hoje\u00a0(13) mostra que 74% dos brasileiros avaliam o governo de Michel Temer como ruim ou p\u00e9ssimo; 18%, como regular; e 5%,&hellip; <\/p>\n","protected":false},"author":1,"featured_media":38406,"comment_status":"closed","ping_status":"closed","sticky":false,"template":"","format":"standard","meta":{"sfsi_plus_gutenberg_text_before_share":"","sfsi_plus_gutenberg_show_text_before_share":"","sfsi_plus_gutenberg_icon_type":"","sfsi_plus_gutenberg_icon_alignemt":"","sfsi_plus_gutenburg_max_per_row":"","footnotes":""},"categories":[11],"tags":[],"class_list":["post-76469","post","type-post","status-publish","format-standard","has-post-thumbnail","hentry","category-politica"],"_links":{"self":[{"href":"https:\/\/www.caririemacao.com\/1\/wp-json\/wp\/v2\/posts\/76469","targetHints":{"allow":["GET"]}}],"collection":[{"href":"https:\/\/www.caririemacao.com\/1\/wp-json\/wp\/v2\/posts"}],"about":[{"href":"https:\/\/www.caririemacao.com\/1\/wp-json\/wp\/v2\/types\/post"}],"author":[{"embeddable":true,"href":"https:\/\/www.caririemacao.com\/1\/wp-json\/wp\/v2\/users\/1"}],"replies":[{"embeddable":true,"href":"https:\/\/www.caririemacao.com\/1\/wp-json\/wp\/v2\/comments?post=76469"}],"version-history":[{"count":1,"href":"https:\/\/www.caririemacao.com\/1\/wp-json\/wp\/v2\/posts\/76469\/revisions"}],"predecessor-version":[{"id":76470,"href":"https:\/\/www.caririemacao.com\/1\/wp-json\/wp\/v2\/posts\/76469\/revisions\/76470"}],"wp:featuredmedia":[{"embeddable":true,"href":"https:\/\/www.caririemacao.com\/1\/wp-json\/wp\/v2\/media\/38406"}],"wp:attachment":[{"href":"https:\/\/www.caririemacao.com\/1\/wp-json\/wp\/v2\/media?parent=76469"}],"wp:term":[{"taxonomy":"category","embeddable":true,"href":"https:\/\/www.caririemacao.com\/1\/wp-json\/wp\/v2\/categories?post=76469"},{"taxonomy":"post_tag","embeddable":true,"href":"https:\/\/www.caririemacao.com\/1\/wp-json\/wp\/v2\/tags?post=76469"}],"curies":[{"name":"wp","href":"https:\/\/api.w.org\/{rel}","templated":true}]}}