{"id":76471,"date":"2018-12-13T15:12:29","date_gmt":"2018-12-13T18:12:29","guid":{"rendered":"http:\/\/www.caririemacao.com\/1\/?p=76471"},"modified":"2018-12-13T15:12:29","modified_gmt":"2018-12-13T18:12:29","slug":"mec-vai-propor-nova-estrutura-para-cursos-de-pedagogia","status":"publish","type":"post","link":"https:\/\/www.caririemacao.com\/1\/2018\/12\/13\/mec-vai-propor-nova-estrutura-para-cursos-de-pedagogia\/","title":{"rendered":"MEC vai propor nova estrutura para cursos de pedagogia"},"content":{"rendered":"<p>O Minist\u00e9rio da Educa\u00e7\u00e3o (MEC) vai encaminhar ao Conselho Nacional de Educa\u00e7\u00e3o (CNE), na pr\u00f3xima semana, uma proposta de modifica\u00e7\u00e3o dos cursos de pedagogia, segundo a secret\u00e1ria de Educa\u00e7\u00e3o B\u00e1sica, K\u00e1tia Smole. A proposta \u00e9 que os estudantes possam escolher forma\u00e7\u00f5es espec\u00edficas ainda durante a gradua\u00e7\u00e3o.<\/p>\n<p>Na manh\u00e3 desta quinta-feira (13)\u00a0, a secret\u00e1ria fez uma apresenta\u00e7\u00e3o para jornalistas do esbo\u00e7o da proposta para o curso de pedagogia. A ideia \u00e9 que nos dois primeiros anos, os estudantes recebam uma forma\u00e7\u00e3o comum em todas as institui\u00e7\u00f5es p\u00fablicas e particulares de ensino superior.<\/p>\n<p>Durante esse per\u00edodo, ter\u00e3o aulas sobre pol\u00edticas p\u00fablicas, did\u00e1ticas, conhecimentos sobre contexto e aprendizagem. Ter\u00e3o tamb\u00e9m aulas sobre a Base Nacional Comum Curricular, que estabelece o que todas as crian\u00e7as e jovens devem aprender em todas as escolas brasileiras.<\/p>\n<p>Ap\u00f3s esse per\u00edodo, os estudantes poder\u00e3o escolher uma \u00e1rea para aprofundamento: educa\u00e7\u00e3o infantil, alfabetiza\u00e7\u00e3o ou anos iniciais do ensino fundamental, etapa que vai do 1\u00ba ao 5\u00ba ano. Essa fase dever\u00e1 durar um ano.<\/p>\n<p>O quarto ano de forma\u00e7\u00e3o ser\u00e1 uma especializa\u00e7\u00e3o. Os futuros profissionais poder\u00e3o escolher entre gest\u00e3o escolar, educa\u00e7\u00e3o profissional, did\u00e1tica do ensino superior e educa\u00e7\u00e3o especial.<\/p>\n<p>K\u00e1tia diz que embora a proposta esteja sendo apresentada para a pedagogia, nada impede que seja usada tamb\u00e9m para licenciaturas. A defini\u00e7\u00e3o depender\u00e1 das discuss\u00f5es feitas no \u00e2mbito do CNE.<\/p>\n<p>O MEC apresentou tamb\u00e9m, nesta quinta-feira, a Base Nacional Comum da Forma\u00e7\u00e3o de Professores da Educa\u00e7\u00e3o B\u00e1sica, que tamb\u00e9m ser\u00e1 encaminhada ao CNE. A base dever\u00e1 orientar a forma\u00e7\u00e3o de professores em licenciaturas e cursos de pedagogia em todas as faculdades, universidades e institui\u00e7\u00f5es p\u00fablicas e particulares de ensino do pa\u00eds. Dentro da proposta para a pedagogia, os dois primeiros anos ser\u00e3o orientados pela base.<\/p>\n<p>&nbsp;<\/p>\n<p>EBC<\/p>\n","protected":false},"excerpt":{"rendered":"<p>O Minist\u00e9rio da Educa\u00e7\u00e3o (MEC) vai encaminhar ao Conselho Nacional de Educa\u00e7\u00e3o (CNE), na pr\u00f3xima semana, uma proposta de modifica\u00e7\u00e3o dos cursos de pedagogia, segundo&hellip; <\/p>\n","protected":false},"author":1,"featured_media":50105,"comment_status":"closed","ping_status":"closed","sticky":false,"template":"","format":"standard","meta":{"sfsi_plus_gutenberg_text_before_share":"","sfsi_plus_gutenberg_show_text_before_share":"","sfsi_plus_gutenberg_icon_type":"","sfsi_plus_gutenberg_icon_alignemt":"","sfsi_plus_gutenburg_max_per_row":"","footnotes":""},"categories":[14],"tags":[],"class_list":["post-76471","post","type-post","status-publish","format-standard","has-post-thumbnail","hentry","category-educacao"],"_links":{"self":[{"href":"https:\/\/www.caririemacao.com\/1\/wp-json\/wp\/v2\/posts\/76471","targetHints":{"allow":["GET"]}}],"collection":[{"href":"https:\/\/www.caririemacao.com\/1\/wp-json\/wp\/v2\/posts"}],"about":[{"href":"https:\/\/www.caririemacao.com\/1\/wp-json\/wp\/v2\/types\/post"}],"author":[{"embeddable":true,"href":"https:\/\/www.caririemacao.com\/1\/wp-json\/wp\/v2\/users\/1"}],"replies":[{"embeddable":true,"href":"https:\/\/www.caririemacao.com\/1\/wp-json\/wp\/v2\/comments?post=76471"}],"version-history":[{"count":1,"href":"https:\/\/www.caririemacao.com\/1\/wp-json\/wp\/v2\/posts\/76471\/revisions"}],"predecessor-version":[{"id":76472,"href":"https:\/\/www.caririemacao.com\/1\/wp-json\/wp\/v2\/posts\/76471\/revisions\/76472"}],"wp:featuredmedia":[{"embeddable":true,"href":"https:\/\/www.caririemacao.com\/1\/wp-json\/wp\/v2\/media\/50105"}],"wp:attachment":[{"href":"https:\/\/www.caririemacao.com\/1\/wp-json\/wp\/v2\/media?parent=76471"}],"wp:term":[{"taxonomy":"category","embeddable":true,"href":"https:\/\/www.caririemacao.com\/1\/wp-json\/wp\/v2\/categories?post=76471"},{"taxonomy":"post_tag","embeddable":true,"href":"https:\/\/www.caririemacao.com\/1\/wp-json\/wp\/v2\/tags?post=76471"}],"curies":[{"name":"wp","href":"https:\/\/api.w.org\/{rel}","templated":true}]}}