{"id":76473,"date":"2018-12-13T15:19:26","date_gmt":"2018-12-13T18:19:26","guid":{"rendered":"http:\/\/www.caririemacao.com\/1\/?p=76473"},"modified":"2018-12-13T15:19:26","modified_gmt":"2018-12-13T18:19:26","slug":"segunda-parcela-do-decimo-terceiro-salario-e-pago-em-monteiro-nesta-sexta-feira","status":"publish","type":"post","link":"https:\/\/www.caririemacao.com\/1\/2018\/12\/13\/segunda-parcela-do-decimo-terceiro-salario-e-pago-em-monteiro-nesta-sexta-feira\/","title":{"rendered":"Segunda parcela do d\u00e9cimo terceiro sal\u00e1rio \u00e9 pago em Monteiro nesta sexta-feira"},"content":{"rendered":"<p><img fetchpriority=\"high\" decoding=\"async\" class=\"alignnone size-full wp-image-76474\" src=\"http:\/\/www.caririemacao.com\/1\/wp-content\/uploads\/2018\/12\/Pagamento-300x300.png\" alt=\"\" width=\"300\" height=\"300\" srcset=\"https:\/\/www.caririemacao.com\/1\/wp-content\/uploads\/2018\/12\/Pagamento-300x300.png 300w, https:\/\/www.caririemacao.com\/1\/wp-content\/uploads\/2018\/12\/Pagamento-300x300-150x150.png 150w\" sizes=\"(max-width: 300px) 100vw, 300px\" \/>teiA Prefeitura de Monteiro quita a segunda parcela do d\u00e9cimo terceiro sal\u00e1rio deste ano de todo o funcionalismo p\u00fablico nesta sexta-feira, 14, confirmando o an\u00fancio feito pela prefeita no \u00faltimo m\u00eas de novembro quando na mesma ocasi\u00e3o anunciou a data tamb\u00e9m do pagamento do d\u00e9cimo quarto sal\u00e1rio para a educa\u00e7\u00e3o.O cr\u00e9dito dos valores em conta est\u00e1 sendo feito nesta quinta e poder\u00e1 ser sacado nas contas a partir dests sexta-feira.<\/p>\n<p>A economia local ser\u00e1 aquecida com a entrada de aproximadamente R$ 1 milh\u00e3o de reais na economia local. Al\u00e9m da segunda parcela a Prefeitura de Monteiro ainda paga na pr\u00f3xima semana, a partir da segunda-feira o abono natalino aos benefici\u00e1rios do Bolsa Fam\u00edlia, somando assim mais R$110 mil reais.<\/p>\n<p>\u201cPagamos a primeira parcela em junho e agora estamos proporcionando o pagamento da segunda parcela do d\u00e9cimo bem antes das festividades de fim de ano para que o funcionalismo possa fazer as compras de presentes e outras necessidades. Nosso compromisso segue firme de pagar o funcionalismo dentro do m\u00eas trabalhado gerando seguran\u00e7a econ\u00f4mica para o pessoal e para o com\u00e9rcio\u201d, exprime a prefeita Anna Lorena.<\/p>\n<p>&nbsp;<\/p>\n<p>Ascom\/Monteiro<\/p>\n","protected":false},"excerpt":{"rendered":"<p>teiA Prefeitura de Monteiro quita a segunda parcela do d\u00e9cimo terceiro sal\u00e1rio deste ano de todo o funcionalismo p\u00fablico nesta sexta-feira, 14, confirmando o an\u00fancio&hellip; <\/p>\n","protected":false},"author":1,"featured_media":69727,"comment_status":"closed","ping_status":"closed","sticky":false,"template":"","format":"standard","meta":{"sfsi_plus_gutenberg_text_before_share":"","sfsi_plus_gutenberg_show_text_before_share":"","sfsi_plus_gutenberg_icon_type":"","sfsi_plus_gutenberg_icon_alignemt":"","sfsi_plus_gutenburg_max_per_row":"","footnotes":""},"categories":[2],"tags":[],"class_list":["post-76473","post","type-post","status-publish","format-standard","has-post-thumbnail","hentry","category-geral"],"_links":{"self":[{"href":"https:\/\/www.caririemacao.com\/1\/wp-json\/wp\/v2\/posts\/76473","targetHints":{"allow":["GET"]}}],"collection":[{"href":"https:\/\/www.caririemacao.com\/1\/wp-json\/wp\/v2\/posts"}],"about":[{"href":"https:\/\/www.caririemacao.com\/1\/wp-json\/wp\/v2\/types\/post"}],"author":[{"embeddable":true,"href":"https:\/\/www.caririemacao.com\/1\/wp-json\/wp\/v2\/users\/1"}],"replies":[{"embeddable":true,"href":"https:\/\/www.caririemacao.com\/1\/wp-json\/wp\/v2\/comments?post=76473"}],"version-history":[{"count":1,"href":"https:\/\/www.caririemacao.com\/1\/wp-json\/wp\/v2\/posts\/76473\/revisions"}],"predecessor-version":[{"id":76475,"href":"https:\/\/www.caririemacao.com\/1\/wp-json\/wp\/v2\/posts\/76473\/revisions\/76475"}],"wp:featuredmedia":[{"embeddable":true,"href":"https:\/\/www.caririemacao.com\/1\/wp-json\/wp\/v2\/media\/69727"}],"wp:attachment":[{"href":"https:\/\/www.caririemacao.com\/1\/wp-json\/wp\/v2\/media?parent=76473"}],"wp:term":[{"taxonomy":"category","embeddable":true,"href":"https:\/\/www.caririemacao.com\/1\/wp-json\/wp\/v2\/categories?post=76473"},{"taxonomy":"post_tag","embeddable":true,"href":"https:\/\/www.caririemacao.com\/1\/wp-json\/wp\/v2\/tags?post=76473"}],"curies":[{"name":"wp","href":"https:\/\/api.w.org\/{rel}","templated":true}]}}