{"id":76476,"date":"2018-12-13T15:29:20","date_gmt":"2018-12-13T18:29:20","guid":{"rendered":"http:\/\/www.caririemacao.com\/1\/?p=76476"},"modified":"2018-12-13T15:29:20","modified_gmt":"2018-12-13T18:29:20","slug":"com-articulacao-do-prefeito-nero-podera-se-tornar-presidente-da-camara-de-caraubas","status":"publish","type":"post","link":"https:\/\/www.caririemacao.com\/1\/2018\/12\/13\/com-articulacao-do-prefeito-nero-podera-se-tornar-presidente-da-camara-de-caraubas\/","title":{"rendered":"Com articula\u00e7\u00e3o do prefeito, Nero poder\u00e1 se tornar presidente da C\u00e2mara de Cara\u00fabas"},"content":{"rendered":"<p>Com articula\u00e7\u00e3o do prefeito de Cara\u00fabas, Silvano Dudu, o vereador Nero, poder\u00e1 se tornar o novo presidente da C\u00e2mara de Vereadores a partir de 2019. De acordo com informa\u00e7\u00f5es de bastidores apuradas pelo <strong>Blog do Bruno Lira<\/strong>, o vereador F\u00e1bio Pereira, dever\u00e1 votar em Nero para presidente do Poder Legislativo e consolidar a vit\u00f3ria da base governista.<\/p>\n<p>Se confirmando o voto do vereador F\u00e1bio, o grupo de situa\u00e7\u00e3o passar\u00e1 a contar com cinco votos e ter\u00e1 condi\u00e7\u00f5es de vencer \u00e0 elei\u00e7\u00e3o. A oposi\u00e7\u00e3o ainda est\u00e1 lutando com as armas que tem para convencer o vereador F\u00e1bio de que \u00e9 melhor fica.<\/p>\n<p>At\u00e9 a pr\u00f3xima ter\u00e7a-feira (18), muita coisa poder\u00e1 acontecer, inclusive nada.<\/p>\n<p><img fetchpriority=\"high\" decoding=\"async\" class=\"size-medium wp-image-6298 aligncenter\" src=\"http:\/\/www.blogdobrunolira.com.br\/wp-content\/uploads\/2018\/12\/Cara\u00fabas-C\u00e2mara-300x185.jpg\" sizes=\"(max-width: 300px) 100vw, 300px\" srcset=\"http:\/\/www.blogdobrunolira.com.br\/wp-content\/uploads\/2018\/12\/Cara\u00fabas-C\u00e2mara-300x185.jpg 300w, http:\/\/www.blogdobrunolira.com.br\/wp-content\/uploads\/2018\/12\/Cara\u00fabas-C\u00e2mara-768x475.jpg 768w, http:\/\/www.blogdobrunolira.com.br\/wp-content\/uploads\/2018\/12\/Cara\u00fabas-C\u00e2mara-1024x633.jpg 1024w\" alt=\"\" width=\"300\" height=\"185\" data-attachment-id=\"6298\" data-permalink=\"http:\/\/www.blogdobrunolira.com.br\/2018\/12\/em-caraubas-com-articulacao-do-prefeito-silvano-nero-podera-se-tornar-presidente-da-camara\/caraubas-camara\/\" data-orig-file=\"http:\/\/www.blogdobrunolira.com.br\/wp-content\/uploads\/2018\/12\/Cara\u00fabas-C\u00e2mara.jpg\" data-orig-size=\"2828,1748\" data-comments-opened=\"1\" data-image-meta=\"{&quot;aperture&quot;:&quot;0&quot;,&quot;credit&quot;:&quot;&quot;,&quot;camera&quot;:&quot;&quot;,&quot;caption&quot;:&quot;&quot;,&quot;created_timestamp&quot;:&quot;0&quot;,&quot;copyright&quot;:&quot;&quot;,&quot;focal_length&quot;:&quot;0&quot;,&quot;iso&quot;:&quot;0&quot;,&quot;shutter_speed&quot;:&quot;0&quot;,&quot;title&quot;:&quot;&quot;,&quot;orientation&quot;:&quot;1&quot;}\" data-image-title=\"Cara\u00fabas C\u00e2mara\" data-image-description=\"\" data-medium-file=\"http:\/\/www.blogdobrunolira.com.br\/wp-content\/uploads\/2018\/12\/Cara\u00fabas-C\u00e2mara-300x185.jpg\" data-large-file=\"http:\/\/www.blogdobrunolira.com.br\/wp-content\/uploads\/2018\/12\/Cara\u00fabas-C\u00e2mara-1024x633.jpg\" \/><\/p>\n<p>&nbsp;<\/p>\n<p>O resultado da elei\u00e7\u00e3o dever\u00e1 ficar assim:<\/p>\n<p><strong>Situa\u00e7\u00e3o:<\/strong><\/p>\n<p>Nero<\/p>\n<p>Neide<\/p>\n<p>Teinha da Sa\u00fade<\/p>\n<p>Tomaz<\/p>\n<p>F\u00e1bio Pereira<\/p>\n<p>&nbsp;<\/p>\n<p><strong>Oposi\u00e7\u00e3o:<\/strong><\/p>\n<p>In\u00e1cio de Nass\u00fa<\/p>\n<p>Bazoca<\/p>\n<p>Nerivan<\/p>\n<p>Renivan<\/p>\n<p>&nbsp;<\/p>\n<p>Blog Bruno Lira<\/p>\n","protected":false},"excerpt":{"rendered":"<p>Com articula\u00e7\u00e3o do prefeito de Cara\u00fabas, Silvano Dudu, o vereador Nero, poder\u00e1 se tornar o novo presidente da C\u00e2mara de Vereadores a partir de 2019.&hellip; <\/p>\n","protected":false},"author":1,"featured_media":76477,"comment_status":"closed","ping_status":"closed","sticky":false,"template":"","format":"standard","meta":{"sfsi_plus_gutenberg_text_before_share":"","sfsi_plus_gutenberg_show_text_before_share":"","sfsi_plus_gutenberg_icon_type":"","sfsi_plus_gutenberg_icon_alignemt":"","sfsi_plus_gutenburg_max_per_row":"","footnotes":""},"categories":[11],"tags":[],"class_list":["post-76476","post","type-post","status-publish","format-standard","has-post-thumbnail","hentry","category-politica"],"_links":{"self":[{"href":"https:\/\/www.caririemacao.com\/1\/wp-json\/wp\/v2\/posts\/76476","targetHints":{"allow":["GET"]}}],"collection":[{"href":"https:\/\/www.caririemacao.com\/1\/wp-json\/wp\/v2\/posts"}],"about":[{"href":"https:\/\/www.caririemacao.com\/1\/wp-json\/wp\/v2\/types\/post"}],"author":[{"embeddable":true,"href":"https:\/\/www.caririemacao.com\/1\/wp-json\/wp\/v2\/users\/1"}],"replies":[{"embeddable":true,"href":"https:\/\/www.caririemacao.com\/1\/wp-json\/wp\/v2\/comments?post=76476"}],"version-history":[{"count":1,"href":"https:\/\/www.caririemacao.com\/1\/wp-json\/wp\/v2\/posts\/76476\/revisions"}],"predecessor-version":[{"id":76478,"href":"https:\/\/www.caririemacao.com\/1\/wp-json\/wp\/v2\/posts\/76476\/revisions\/76478"}],"wp:featuredmedia":[{"embeddable":true,"href":"https:\/\/www.caririemacao.com\/1\/wp-json\/wp\/v2\/media\/76477"}],"wp:attachment":[{"href":"https:\/\/www.caririemacao.com\/1\/wp-json\/wp\/v2\/media?parent=76476"}],"wp:term":[{"taxonomy":"category","embeddable":true,"href":"https:\/\/www.caririemacao.com\/1\/wp-json\/wp\/v2\/categories?post=76476"},{"taxonomy":"post_tag","embeddable":true,"href":"https:\/\/www.caririemacao.com\/1\/wp-json\/wp\/v2\/tags?post=76476"}],"curies":[{"name":"wp","href":"https:\/\/api.w.org\/{rel}","templated":true}]}}