{"id":76485,"date":"2018-12-13T22:03:54","date_gmt":"2018-12-14T01:03:54","guid":{"rendered":"http:\/\/www.caririemacao.com\/1\/?p=76485"},"modified":"2018-12-13T22:03:54","modified_gmt":"2018-12-14T01:03:54","slug":"em-brasilia-prefeito-ronaldo-queiroz-gurjao-esteve-buscando-a-liberacao-de-recursos-para-obras-na-cidade","status":"publish","type":"post","link":"https:\/\/www.caririemacao.com\/1\/2018\/12\/13\/em-brasilia-prefeito-ronaldo-queiroz-gurjao-esteve-buscando-a-liberacao-de-recursos-para-obras-na-cidade\/","title":{"rendered":"Em Bras\u00edlia, Prefeito Ronaldo Queiroz (Gurj\u00e3o) esteve buscando a libera\u00e7\u00e3o de recursos para obras na cidade"},"content":{"rendered":"<p>Durante esta semana, o Prefeito de Gurj\u00e3o Ronaldo Queiroz, esteve em Bras\u00edlia,\u00a0\u00a0trabalhando pela libera\u00e7\u00e3o de recursos para importantes obras\u00a0e tentando destravar recursos que est\u00e3o travados desde a \u00a0mudan\u00e7a de governo com a sa\u00edda de Dilma e entrada de Temer , \u00a0Ronaldo tamb\u00e9m cumpriu agenda com o presidente da Funasa, Rodrigo Dias, para tratar sobre recursos para finalizar algumas obras na cidade ,a \u00a0reuni\u00e3o contou tamb\u00e9m com a presen\u00e7a do Deputado Federal Hugo Motta.<\/p>\n<p>\u201cO objetivo da viagem at\u00e9 a Capital Federal foi para buscar maior celeridade no processo de pagamento de alguns \u00a0recursos \u00a0que est\u00e3o com problemas no \u00a0nosso munic\u00edpio. Como os respectivos montantes foram empenhados h\u00e1 alguns meses, acredito que eles possam ser repassados efetivamente ao munic\u00edpio antes do final deste ano. E justamente essa situa\u00e7\u00e3o que buscamos junto aos minist\u00e9rios , tambem estamos tentando a nossa ambulancia tipo SAMU que nos ajudaria muito&#8221;, concluiu Ronaldo Queiroz.<\/p>\n<p>O prefeito visitou o Senado e alguns deputados para acompanhar pedidos realizados recentemente. \u201cA avalia\u00e7\u00e3o da viagem \u00e9 muito positiva, pois conseguimos obter informa\u00e7\u00f5es e demonstrar nossa preocupa\u00e7\u00e3o e necessidade de garantirmos esses recursos j\u00e1 empenhados. O nosso papel enquanto gestor \u00e9 ir em busca de novos investimentos que tragam melhorias para o munic\u00edpio. Essa \u00e9 a nossa miss\u00e3o\u201d, frisou.<\/p>\n<p>ASCOM<\/p>\n","protected":false},"excerpt":{"rendered":"<p>Durante esta semana, o Prefeito de Gurj\u00e3o Ronaldo Queiroz, esteve em Bras\u00edlia,\u00a0\u00a0trabalhando pela libera\u00e7\u00e3o de recursos para importantes obras\u00a0e tentando destravar recursos que est\u00e3o travados&hellip; <\/p>\n","protected":false},"author":1,"featured_media":76486,"comment_status":"closed","ping_status":"closed","sticky":false,"template":"","format":"standard","meta":{"sfsi_plus_gutenberg_text_before_share":"","sfsi_plus_gutenberg_show_text_before_share":"","sfsi_plus_gutenberg_icon_type":"","sfsi_plus_gutenberg_icon_alignemt":"","sfsi_plus_gutenburg_max_per_row":"","footnotes":""},"categories":[6],"tags":[],"class_list":["post-76485","post","type-post","status-publish","format-standard","has-post-thumbnail","hentry","category-cidades"],"_links":{"self":[{"href":"https:\/\/www.caririemacao.com\/1\/wp-json\/wp\/v2\/posts\/76485","targetHints":{"allow":["GET"]}}],"collection":[{"href":"https:\/\/www.caririemacao.com\/1\/wp-json\/wp\/v2\/posts"}],"about":[{"href":"https:\/\/www.caririemacao.com\/1\/wp-json\/wp\/v2\/types\/post"}],"author":[{"embeddable":true,"href":"https:\/\/www.caririemacao.com\/1\/wp-json\/wp\/v2\/users\/1"}],"replies":[{"embeddable":true,"href":"https:\/\/www.caririemacao.com\/1\/wp-json\/wp\/v2\/comments?post=76485"}],"version-history":[{"count":2,"href":"https:\/\/www.caririemacao.com\/1\/wp-json\/wp\/v2\/posts\/76485\/revisions"}],"predecessor-version":[{"id":76585,"href":"https:\/\/www.caririemacao.com\/1\/wp-json\/wp\/v2\/posts\/76485\/revisions\/76585"}],"wp:featuredmedia":[{"embeddable":true,"href":"https:\/\/www.caririemacao.com\/1\/wp-json\/wp\/v2\/media\/76486"}],"wp:attachment":[{"href":"https:\/\/www.caririemacao.com\/1\/wp-json\/wp\/v2\/media?parent=76485"}],"wp:term":[{"taxonomy":"category","embeddable":true,"href":"https:\/\/www.caririemacao.com\/1\/wp-json\/wp\/v2\/categories?post=76485"},{"taxonomy":"post_tag","embeddable":true,"href":"https:\/\/www.caririemacao.com\/1\/wp-json\/wp\/v2\/tags?post=76485"}],"curies":[{"name":"wp","href":"https:\/\/api.w.org\/{rel}","templated":true}]}}