{"id":76487,"date":"2018-12-13T22:14:09","date_gmt":"2018-12-14T01:14:09","guid":{"rendered":"http:\/\/www.caririemacao.com\/1\/?p=76487"},"modified":"2018-12-13T22:14:09","modified_gmt":"2018-12-14T01:14:09","slug":"instituto-federal-da-paraiba-campus-monteiro-divulga-resultado-final-do-psct-2019-1","status":"publish","type":"post","link":"https:\/\/www.caririemacao.com\/1\/2018\/12\/13\/instituto-federal-da-paraiba-campus-monteiro-divulga-resultado-final-do-psct-2019-1\/","title":{"rendered":"Instituto Federal da Paraiba campus Monteiro divulga resultado final do PSCT 2019.1"},"content":{"rendered":"<p>O IFPB divulgou o resultado final do Processo Seletivo de Cursos T\u00e9cnicos 2019.1. Os aprovados j\u00e1 devem realizar a pr\u00e9-matr\u00edcula em primeira chamada nos campi em que ir\u00e3o realizar o curso.<\/p>\n<p>Acesse aqui o resultado final de acordo com o edital ao qual concorreu.<\/p>\n<p><b>cursos integrados \u2013 edital 71\/2018<\/b>\u2013\u00a0<a href=\"https:\/\/estudante.ifpb.edu.br\/editais\/77\/RESULTADO\/view\" target=\"_blank\" rel=\"noopener\">https:\/\/estudante.ifpb.edu.br\/editais\/77\/RESULTADO\/view<\/a><\/p>\n<p><b>cursos integrados Campina \u2013 edital 72\/2018<\/b>\u00a0\u2013\u00a0<a href=\"https:\/\/estudante.ifpb.edu.br\/editais\/78\/RESULTADO\/view\" target=\"_blank\" rel=\"noopener\">https:\/\/estudante.ifpb.edu.br\/editais\/78\/RESULTADO\/view<\/a><\/p>\n<p><b>cursos t\u00e9cnicos subsequentes \u2013 edital 73\/2018<\/b>\u00a0\u2013\u00a0<a href=\"https:\/\/estudante.ifpb.edu.br\/editais\/79\/RESULTADO\/view\" target=\"_blank\" rel=\"noopener\">https:\/\/estudante.ifpb.edu.br\/editais\/79\/RESULTADO\/view<\/a><\/p>\n<p><b>Instrumento musical \u2013 edital 74\/2018<\/b>\u00a0\u2013<a href=\"https:\/\/estudante.ifpb.edu.br\/media\/Edital_136_convoca%C3%A7%C3%A3o_do__edital_74_prova_instrumento_musical_psct-converted.pdf\" target=\"_blank\" rel=\"noopener\">https:\/\/estudante.ifpb.edu.br\/media\/Edital_136_convoca%C3%A7%C3%A3o_do__edital_74_prova_instrumento_musical_psct-converted.pdf<\/a><\/p>\n<p>De acordo com a Pr\u00f3-Reitoria de Ensino, os candidatos aprovados at\u00e9 o limite de vagas do curso dever\u00e3o realizar a pr\u00e9-matr\u00edcula na 1\u00aa chamada. E os demais participantes poder\u00e3o ser convocados pelos campi caso ocorram vagas remanescentes ou desist\u00eancias.<\/p>\n<p>Acesse abaixo os editais de convoca\u00e7\u00e3o:<\/p>\n<p><b>\u00a0<\/b><b>PSCT 2019.1 \u2013 Subsequente<\/b><\/p>\n<p><b>&gt;<\/b>\u00a0<a href=\"https:\/\/estudante.ifpb.edu.br\/editais\/79\/EDITAL\/view\" target=\"_blank\" rel=\"noopener\">https:\/\/estudante.ifpb.edu.br\/editais\/79\/EDITAL\/view<\/a><\/p>\n<p><b>PSCT 2019.1 \u2013 Subsequente Instrumento Musical &gt;<\/b>\u00a0<a href=\"https:\/\/estudante.ifpb.edu.br\/editais\/80\/EDITAL\/view\" target=\"_blank\" rel=\"noopener\">https:\/\/estudante.ifpb.edu.br\/editais\/80\/EDITAL\/view<\/a><\/p>\n<p><b>PSCT 2019.1 \u2013 Integrado &gt;<\/b>\u00a0<a href=\"https:\/\/estudante.ifpb.edu.br\/editais\/77\/EDITAL\/view\" target=\"_blank\" rel=\"noopener\">https:\/\/estudante.ifpb.edu.br\/editais\/77\/EDITAL\/view<\/a>\u00a0e<\/p>\n<p><b>PSCT 2019.1 \u2013 Integrado Campus Campina Grande &gt;<\/b>\u00a0<a href=\"https:\/\/estudante.ifpb.edu.br\/editais\/78\/EDITAL\/view\" target=\"_blank\" rel=\"noopener\">https:\/\/estudante.ifpb.edu.br\/editais\/78\/EDITAL\/view<\/a><\/p>\n<p>Os candidatos aprovados dever\u00e3o fazer o login, preencher e atualizar os dados no formul\u00e1rio eletr\u00f4nico dispon\u00edvel em\u00a0<a href=\"https:\/\/estudante.ifpb.edu.br\/login\/\" target=\"_blank\" rel=\"noopener\">https:\/\/estudante.ifpb.edu.br\/login\/<\/a>\u00a0. Em seguida, entregar a documenta\u00e7\u00e3o nas Coordena\u00e7\u00f5es de Controle Acad\u00eamico do seu Campus nas datas estabelecidas em cada edital. Cada Campus tem o seu calend\u00e1rio pr\u00f3prio de pr\u00e9-matr\u00edcula.<\/p>\n<p>Acesse aqui o tutorial\u00a0explicativo.\u00a0<a href=\"https:\/\/estudante.ifpb.edu.br\/static\/files\/tutorial_do_candidato.pdf\" target=\"_blank\" rel=\"noopener\">https:\/\/estudante.i fpb.edu.br\/static\/files\/tutorial_do_candidato.pdf<\/a><\/p>\n<p>Foram ofertadas mais de 3.500 vagas em todo o processo seletivo que envolveu os 20 campi da institui\u00e7\u00e3o em cursos nas modalidades ensino t\u00e9cnico integrado e ensino t\u00e9cnico subsequente.<\/p>\n","protected":false},"excerpt":{"rendered":"<p>O IFPB divulgou o resultado final do Processo Seletivo de Cursos T\u00e9cnicos 2019.1. Os aprovados j\u00e1 devem realizar a pr\u00e9-matr\u00edcula em primeira chamada nos campi&hellip; <\/p>\n","protected":false},"author":1,"featured_media":9252,"comment_status":"closed","ping_status":"closed","sticky":false,"template":"","format":"standard","meta":{"sfsi_plus_gutenberg_text_before_share":"","sfsi_plus_gutenberg_show_text_before_share":"","sfsi_plus_gutenberg_icon_type":"","sfsi_plus_gutenberg_icon_alignemt":"","sfsi_plus_gutenburg_max_per_row":"","footnotes":""},"categories":[50,14],"tags":[],"class_list":["post-76487","post","type-post","status-publish","format-standard","has-post-thumbnail","hentry","category-destaque","category-educacao"],"_links":{"self":[{"href":"https:\/\/www.caririemacao.com\/1\/wp-json\/wp\/v2\/posts\/76487","targetHints":{"allow":["GET"]}}],"collection":[{"href":"https:\/\/www.caririemacao.com\/1\/wp-json\/wp\/v2\/posts"}],"about":[{"href":"https:\/\/www.caririemacao.com\/1\/wp-json\/wp\/v2\/types\/post"}],"author":[{"embeddable":true,"href":"https:\/\/www.caririemacao.com\/1\/wp-json\/wp\/v2\/users\/1"}],"replies":[{"embeddable":true,"href":"https:\/\/www.caririemacao.com\/1\/wp-json\/wp\/v2\/comments?post=76487"}],"version-history":[{"count":1,"href":"https:\/\/www.caririemacao.com\/1\/wp-json\/wp\/v2\/posts\/76487\/revisions"}],"predecessor-version":[{"id":76490,"href":"https:\/\/www.caririemacao.com\/1\/wp-json\/wp\/v2\/posts\/76487\/revisions\/76490"}],"wp:featuredmedia":[{"embeddable":true,"href":"https:\/\/www.caririemacao.com\/1\/wp-json\/wp\/v2\/media\/9252"}],"wp:attachment":[{"href":"https:\/\/www.caririemacao.com\/1\/wp-json\/wp\/v2\/media?parent=76487"}],"wp:term":[{"taxonomy":"category","embeddable":true,"href":"https:\/\/www.caririemacao.com\/1\/wp-json\/wp\/v2\/categories?post=76487"},{"taxonomy":"post_tag","embeddable":true,"href":"https:\/\/www.caririemacao.com\/1\/wp-json\/wp\/v2\/tags?post=76487"}],"curies":[{"name":"wp","href":"https:\/\/api.w.org\/{rel}","templated":true}]}}