{"id":76494,"date":"2018-12-13T22:23:01","date_gmt":"2018-12-14T01:23:01","guid":{"rendered":"http:\/\/www.caririemacao.com\/1\/?p=76494"},"modified":"2018-12-13T22:23:01","modified_gmt":"2018-12-14T01:23:01","slug":"transposicao-aesa-atende-solicitacao-do-dnocs-e-abre-comportas-do-acude-de-camalau","status":"publish","type":"post","link":"https:\/\/www.caririemacao.com\/1\/2018\/12\/13\/transposicao-aesa-atende-solicitacao-do-dnocs-e-abre-comportas-do-acude-de-camalau\/","title":{"rendered":"Transposi\u00e7\u00e3o: Aesa atende solicita\u00e7\u00e3o do DNOCS e abre comportas do a\u00e7ude de Camala\u00fa"},"content":{"rendered":"<p>O presidente da Ag\u00eancia Executiva de Gest\u00e3o das \u00c1guas, Jo\u00e3o Fernandes, confirmou na manh\u00e3 desta quinta-feira (13), a abertura das comportas do A\u00e7ude de Camala\u00fa, no Cariri, atrav\u00e9s de um pedido do Departamento Nacional de Obras Contra a Seca (DNOCS).<\/p>\n<p>De acordo com informa\u00e7\u00f5es de Jo\u00e3o Fernandes, est\u00e1 saindo do A\u00e7ude de Camala\u00fa, um metro c\u00fabico de \u00e1gua por segundo para a calha do Rio Para\u00edba.<\/p>\n<p>Jo\u00e3o explicou que a \u00e1gua est\u00e1 saindo pela comporta pequena do manancial, j\u00e1 que a caixa de descarga grande, ainda est\u00e1 sendo conclu\u00edda.<\/p>\n<p>A Aesa n\u00e3o tem previs\u00e3o de quando essa \u00e1gua chegar\u00e1 ao A\u00e7ude de Boqueir\u00e3o.<\/p>\n<p>&nbsp;<\/p>\n<p>Blog Bruno Lira<\/p>\n","protected":false},"excerpt":{"rendered":"<p>O presidente da Ag\u00eancia Executiva de Gest\u00e3o das \u00c1guas, Jo\u00e3o Fernandes, confirmou na manh\u00e3 desta quinta-feira (13), a abertura das comportas do A\u00e7ude de Camala\u00fa,&hellip; <\/p>\n","protected":false},"author":1,"featured_media":76495,"comment_status":"closed","ping_status":"closed","sticky":false,"template":"","format":"standard","meta":{"sfsi_plus_gutenberg_text_before_share":"","sfsi_plus_gutenberg_show_text_before_share":"","sfsi_plus_gutenberg_icon_type":"","sfsi_plus_gutenberg_icon_alignemt":"","sfsi_plus_gutenburg_max_per_row":"","footnotes":""},"categories":[2],"tags":[],"class_list":["post-76494","post","type-post","status-publish","format-standard","has-post-thumbnail","hentry","category-geral"],"_links":{"self":[{"href":"https:\/\/www.caririemacao.com\/1\/wp-json\/wp\/v2\/posts\/76494","targetHints":{"allow":["GET"]}}],"collection":[{"href":"https:\/\/www.caririemacao.com\/1\/wp-json\/wp\/v2\/posts"}],"about":[{"href":"https:\/\/www.caririemacao.com\/1\/wp-json\/wp\/v2\/types\/post"}],"author":[{"embeddable":true,"href":"https:\/\/www.caririemacao.com\/1\/wp-json\/wp\/v2\/users\/1"}],"replies":[{"embeddable":true,"href":"https:\/\/www.caririemacao.com\/1\/wp-json\/wp\/v2\/comments?post=76494"}],"version-history":[{"count":1,"href":"https:\/\/www.caririemacao.com\/1\/wp-json\/wp\/v2\/posts\/76494\/revisions"}],"predecessor-version":[{"id":76496,"href":"https:\/\/www.caririemacao.com\/1\/wp-json\/wp\/v2\/posts\/76494\/revisions\/76496"}],"wp:featuredmedia":[{"embeddable":true,"href":"https:\/\/www.caririemacao.com\/1\/wp-json\/wp\/v2\/media\/76495"}],"wp:attachment":[{"href":"https:\/\/www.caririemacao.com\/1\/wp-json\/wp\/v2\/media?parent=76494"}],"wp:term":[{"taxonomy":"category","embeddable":true,"href":"https:\/\/www.caririemacao.com\/1\/wp-json\/wp\/v2\/categories?post=76494"},{"taxonomy":"post_tag","embeddable":true,"href":"https:\/\/www.caririemacao.com\/1\/wp-json\/wp\/v2\/tags?post=76494"}],"curies":[{"name":"wp","href":"https:\/\/api.w.org\/{rel}","templated":true}]}}