{"id":76502,"date":"2018-12-13T23:09:56","date_gmt":"2018-12-14T02:09:56","guid":{"rendered":"http:\/\/www.caririemacao.com\/1\/?p=76502"},"modified":"2018-12-13T23:09:56","modified_gmt":"2018-12-14T02:09:56","slug":"stj-determina-retorno-de-prefeito-afastado-de-bayeux-ao-cargo","status":"publish","type":"post","link":"https:\/\/www.caririemacao.com\/1\/2018\/12\/13\/stj-determina-retorno-de-prefeito-afastado-de-bayeux-ao-cargo\/","title":{"rendered":"STJ determina retorno de prefeito afastado de Bayeux ao cargo"},"content":{"rendered":"<p>Uma decis\u00e3o do Superior Tribunal de Justi\u00e7a determinou que o prefeito cassado da cidade de Bayeux, Berg Lima retorne ao cargo.<\/p>\n<p>Por unanimidade, a 6\u00aa turma do STJ cassou as medidas cautelares que impediam o prefeito de assumir o cargo. A decis\u00e3o foi tomada em um processo que corre na esfera criminal.<\/p>\n<p>No entanto, o pol\u00edtico n\u00e3o pode assumir o cargo porque existe na esfera c\u00edvel outro processo tramitando contra ele por improbidade administrativa, o qual j\u00e1 possui uma condena\u00e7\u00e3o.<\/p>\n<p>O juiz Francisco Antunes, da 4\u00aa Vara Mista, enviou um of\u00edcio \u00e0 C\u00e2mara Municipal de Bayeux relembrando a condena\u00e7\u00e3o do ex-prefeito.<\/p>\n<p>Berg Lima foi preso em flagrante em julho de 2017 acusado de cobrar propina para libera\u00e7\u00e3o de pagamentos a um fornecedor da prefeitura.<\/p>\n<p style=\"text-align: right;\"><em><strong>Para\u00edba Online\/ Foto: Internet\u00a0\u00a0<\/strong><\/em><\/p>\n","protected":false},"excerpt":{"rendered":"<p>Uma decis\u00e3o do Superior Tribunal de Justi\u00e7a determinou que o prefeito cassado da cidade de Bayeux, Berg Lima retorne ao cargo. Por unanimidade, a 6\u00aa&hellip; <\/p>\n","protected":false},"author":1,"featured_media":36976,"comment_status":"closed","ping_status":"closed","sticky":false,"template":"","format":"standard","meta":{"sfsi_plus_gutenberg_text_before_share":"","sfsi_plus_gutenberg_show_text_before_share":"","sfsi_plus_gutenberg_icon_type":"","sfsi_plus_gutenberg_icon_alignemt":"","sfsi_plus_gutenburg_max_per_row":"","footnotes":""},"categories":[11],"tags":[],"class_list":["post-76502","post","type-post","status-publish","format-standard","has-post-thumbnail","hentry","category-politica"],"_links":{"self":[{"href":"https:\/\/www.caririemacao.com\/1\/wp-json\/wp\/v2\/posts\/76502","targetHints":{"allow":["GET"]}}],"collection":[{"href":"https:\/\/www.caririemacao.com\/1\/wp-json\/wp\/v2\/posts"}],"about":[{"href":"https:\/\/www.caririemacao.com\/1\/wp-json\/wp\/v2\/types\/post"}],"author":[{"embeddable":true,"href":"https:\/\/www.caririemacao.com\/1\/wp-json\/wp\/v2\/users\/1"}],"replies":[{"embeddable":true,"href":"https:\/\/www.caririemacao.com\/1\/wp-json\/wp\/v2\/comments?post=76502"}],"version-history":[{"count":1,"href":"https:\/\/www.caririemacao.com\/1\/wp-json\/wp\/v2\/posts\/76502\/revisions"}],"predecessor-version":[{"id":76503,"href":"https:\/\/www.caririemacao.com\/1\/wp-json\/wp\/v2\/posts\/76502\/revisions\/76503"}],"wp:featuredmedia":[{"embeddable":true,"href":"https:\/\/www.caririemacao.com\/1\/wp-json\/wp\/v2\/media\/36976"}],"wp:attachment":[{"href":"https:\/\/www.caririemacao.com\/1\/wp-json\/wp\/v2\/media?parent=76502"}],"wp:term":[{"taxonomy":"category","embeddable":true,"href":"https:\/\/www.caririemacao.com\/1\/wp-json\/wp\/v2\/categories?post=76502"},{"taxonomy":"post_tag","embeddable":true,"href":"https:\/\/www.caririemacao.com\/1\/wp-json\/wp\/v2\/tags?post=76502"}],"curies":[{"name":"wp","href":"https:\/\/api.w.org\/{rel}","templated":true}]}}