{"id":76510,"date":"2018-12-13T23:20:04","date_gmt":"2018-12-14T02:20:04","guid":{"rendered":"http:\/\/www.caririemacao.com\/1\/?p=76510"},"modified":"2018-12-13T23:20:04","modified_gmt":"2018-12-14T02:20:04","slug":"mais-dois-veiculos-sao-adquiridos-pela-gestao-de-camalau-com-recursos-proprios","status":"publish","type":"post","link":"https:\/\/www.caririemacao.com\/1\/2018\/12\/13\/mais-dois-veiculos-sao-adquiridos-pela-gestao-de-camalau-com-recursos-proprios\/","title":{"rendered":"Mais dois ve\u00edculos s\u00e3o adquiridos pela gest\u00e3o de Camala\u00fa com recursos pr\u00f3prios"},"content":{"rendered":"<p style=\"font-weight: 400;\">O vice prefeito Kiel S\u00f3stenes representou o prefeito Sandro M\u00f4co na entrega de mais dois ve\u00edculos adquiridos para o munic\u00edpio de Camala\u00fa na manh\u00e3 desta quinta feira.<\/p>\n<p style=\"font-weight: 400;\">Kiel confirmou que os ve\u00edculos foram adquiridos com recursos pr\u00f3prios e trata-se de mais uma conquista para servir e servir bem \u00e0 popula\u00e7\u00e3o camalauense.<\/p>\n<p style=\"font-weight: 400;\">Al\u00e9m do vice prefeito estiveram presentes, a Secret\u00e1ria Sandra Maria e o vereador Ant\u00f4nio Bezerra. Os ve\u00edculos s\u00e3o uma Saveiro Robust 2018\/2019 e\u00a0uma Spin LTZ 1.8 de sete lugares-2018.<\/p>\n<p style=\"font-weight: 400;\">\u201cMais dois ve\u00edculos para compor a nova frota adquirida pela gest\u00e3o Uma Nova Hist\u00f3ria e teremos mais aquisi\u00e7\u00f5es sendo anunciadas e entregues \u00e0 popula\u00e7\u00e3o em breve\u201d, lembrou o vice prefeito.<\/p>\n<p style=\"text-align: right;\"><em><b>Fabio Brito\u00a0<\/b><\/em><\/p>\n","protected":false},"excerpt":{"rendered":"<p>O vice prefeito Kiel S\u00f3stenes representou o prefeito Sandro M\u00f4co na entrega de mais dois ve\u00edculos adquiridos para o munic\u00edpio de Camala\u00fa na manh\u00e3 desta&hellip; <\/p>\n","protected":false},"author":1,"featured_media":76511,"comment_status":"closed","ping_status":"closed","sticky":false,"template":"","format":"standard","meta":{"sfsi_plus_gutenberg_text_before_share":"","sfsi_plus_gutenberg_show_text_before_share":"","sfsi_plus_gutenberg_icon_type":"","sfsi_plus_gutenberg_icon_alignemt":"","sfsi_plus_gutenburg_max_per_row":"","footnotes":""},"categories":[6,50],"tags":[],"class_list":["post-76510","post","type-post","status-publish","format-standard","has-post-thumbnail","hentry","category-cidades","category-destaque"],"_links":{"self":[{"href":"https:\/\/www.caririemacao.com\/1\/wp-json\/wp\/v2\/posts\/76510","targetHints":{"allow":["GET"]}}],"collection":[{"href":"https:\/\/www.caririemacao.com\/1\/wp-json\/wp\/v2\/posts"}],"about":[{"href":"https:\/\/www.caririemacao.com\/1\/wp-json\/wp\/v2\/types\/post"}],"author":[{"embeddable":true,"href":"https:\/\/www.caririemacao.com\/1\/wp-json\/wp\/v2\/users\/1"}],"replies":[{"embeddable":true,"href":"https:\/\/www.caririemacao.com\/1\/wp-json\/wp\/v2\/comments?post=76510"}],"version-history":[{"count":1,"href":"https:\/\/www.caririemacao.com\/1\/wp-json\/wp\/v2\/posts\/76510\/revisions"}],"predecessor-version":[{"id":76512,"href":"https:\/\/www.caririemacao.com\/1\/wp-json\/wp\/v2\/posts\/76510\/revisions\/76512"}],"wp:featuredmedia":[{"embeddable":true,"href":"https:\/\/www.caririemacao.com\/1\/wp-json\/wp\/v2\/media\/76511"}],"wp:attachment":[{"href":"https:\/\/www.caririemacao.com\/1\/wp-json\/wp\/v2\/media?parent=76510"}],"wp:term":[{"taxonomy":"category","embeddable":true,"href":"https:\/\/www.caririemacao.com\/1\/wp-json\/wp\/v2\/categories?post=76510"},{"taxonomy":"post_tag","embeddable":true,"href":"https:\/\/www.caririemacao.com\/1\/wp-json\/wp\/v2\/tags?post=76510"}],"curies":[{"name":"wp","href":"https:\/\/api.w.org\/{rel}","templated":true}]}}