{"id":76519,"date":"2018-12-14T00:10:10","date_gmt":"2018-12-14T03:10:10","guid":{"rendered":"http:\/\/www.caririemacao.com\/1\/?p=76519"},"modified":"2018-12-14T00:10:10","modified_gmt":"2018-12-14T03:10:10","slug":"comunidade-academica-do-campus-sume-da-ufcg-elege-nova-direcao","status":"publish","type":"post","link":"https:\/\/www.caririemacao.com\/1\/2018\/12\/14\/comunidade-academica-do-campus-sume-da-ufcg-elege-nova-direcao\/","title":{"rendered":"Comunidade acad\u00eamica do Campus Sum\u00e9 da UFCG elege nova dire\u00e7\u00e3o"},"content":{"rendered":"<p>A comunidade acad\u00eamica do Centro de Desenvolvimento Sustent\u00e1vel do Semi\u00e1rido da Universidade Federal de Campina Grande, Campus Sum\u00e9, escolheu nesta quarta-feira, 12,\u00a0a nova\u00a0Dire\u00e7\u00e3o de Centro para o quadri\u00eanio 2019\/2022.<\/p>\n<p>Foram eleitos os candidatos da Chapa 1 &#8211; \u201cAvan\u00e7o, Sustentabilidade e Transpar\u00eancia\u201d, os professores Hugo Morais de Alc\u00e2ntara (diretor) e Franklin Ferreira de Farias N\u00f3brega (vice-diretor), que receberam 67,09% e 67,23% dos votos, respectivamente.<\/p>\n<p>A Chapa 2 &#8211; \u201cEm defesa do CDSA: Uni\u00e3o Mudan\u00e7a e Sustentabilidade\u201d, composta pelos candidatos Wallace Gomes Ferreira de Souza (diretor) e Edvaldo Eloy Dantas Junior (vice-diretor) recebeu 32,91% e 32,77% do total de votantes.<\/p>\n<p style=\"text-align: right;\"><em><strong>Rosenato Barreto \u2013 Assimp CDSA\/UFCG<\/strong><\/em><\/p>\n","protected":false},"excerpt":{"rendered":"<p>A comunidade acad\u00eamica do Centro de Desenvolvimento Sustent\u00e1vel do Semi\u00e1rido da Universidade Federal de Campina Grande, Campus Sum\u00e9, escolheu nesta quarta-feira, 12,\u00a0a nova\u00a0Dire\u00e7\u00e3o de Centro&hellip; <\/p>\n","protected":false},"author":1,"featured_media":76525,"comment_status":"closed","ping_status":"closed","sticky":false,"template":"","format":"standard","meta":{"sfsi_plus_gutenberg_text_before_share":"","sfsi_plus_gutenberg_show_text_before_share":"","sfsi_plus_gutenberg_icon_type":"","sfsi_plus_gutenberg_icon_alignemt":"","sfsi_plus_gutenburg_max_per_row":"","footnotes":""},"categories":[14],"tags":[],"class_list":["post-76519","post","type-post","status-publish","format-standard","has-post-thumbnail","hentry","category-educacao"],"_links":{"self":[{"href":"https:\/\/www.caririemacao.com\/1\/wp-json\/wp\/v2\/posts\/76519","targetHints":{"allow":["GET"]}}],"collection":[{"href":"https:\/\/www.caririemacao.com\/1\/wp-json\/wp\/v2\/posts"}],"about":[{"href":"https:\/\/www.caririemacao.com\/1\/wp-json\/wp\/v2\/types\/post"}],"author":[{"embeddable":true,"href":"https:\/\/www.caririemacao.com\/1\/wp-json\/wp\/v2\/users\/1"}],"replies":[{"embeddable":true,"href":"https:\/\/www.caririemacao.com\/1\/wp-json\/wp\/v2\/comments?post=76519"}],"version-history":[{"count":1,"href":"https:\/\/www.caririemacao.com\/1\/wp-json\/wp\/v2\/posts\/76519\/revisions"}],"predecessor-version":[{"id":76526,"href":"https:\/\/www.caririemacao.com\/1\/wp-json\/wp\/v2\/posts\/76519\/revisions\/76526"}],"wp:featuredmedia":[{"embeddable":true,"href":"https:\/\/www.caririemacao.com\/1\/wp-json\/wp\/v2\/media\/76525"}],"wp:attachment":[{"href":"https:\/\/www.caririemacao.com\/1\/wp-json\/wp\/v2\/media?parent=76519"}],"wp:term":[{"taxonomy":"category","embeddable":true,"href":"https:\/\/www.caririemacao.com\/1\/wp-json\/wp\/v2\/categories?post=76519"},{"taxonomy":"post_tag","embeddable":true,"href":"https:\/\/www.caririemacao.com\/1\/wp-json\/wp\/v2\/tags?post=76519"}],"curies":[{"name":"wp","href":"https:\/\/api.w.org\/{rel}","templated":true}]}}