{"id":76527,"date":"2018-12-14T00:15:56","date_gmt":"2018-12-14T03:15:56","guid":{"rendered":"http:\/\/www.caririemacao.com\/1\/?p=76527"},"modified":"2018-12-14T00:15:56","modified_gmt":"2018-12-14T03:15:56","slug":"pm-acusado-de-matar-jovem-e-deixar-outro-gravemente-ferido-se-apresenta-e-e-liberado-para-tratamento-psicologico","status":"publish","type":"post","link":"https:\/\/www.caririemacao.com\/1\/2018\/12\/14\/pm-acusado-de-matar-jovem-e-deixar-outro-gravemente-ferido-se-apresenta-e-e-liberado-para-tratamento-psicologico\/","title":{"rendered":"PM acusado de matar jovem e deixar outro gravemente ferido, se apresenta e \u00e9 liberado para tratamento psicol\u00f3gico"},"content":{"rendered":"<p>O soldado da Pol\u00edcia Militar que matou um jovem e feriu outro em uma pizzaria na noite dessa quarta-feira (12), no bairro do Bessa, em Jo\u00e3o Pessoa, se apresentou \u00e0 Delegacia de Homic\u00eddios na manh\u00e3 desta quinta (13), mas foi liberado para tratamento psicol\u00f3gico.<\/p>\n<p>Conforme o advogado do autor do crime, Luis Pereira, o policial ficou abalado com o assassinato cometido por ele e ser\u00e1 afastado das atividades operacionais da PM. A previs\u00e3o \u00e9 que ele seja direcionado para servi\u00e7os burocr\u00e1ticos. O advogado acrescentou que o militar n\u00e3o atua como seguran\u00e7a da pizzaria Rod\u00edzio do\u00a0Paulista, onde ocorreu o crime.<\/p>\n<p>\u201cNaquela gritaria ele achou por bem se ausentar do cen\u00e1rio porque imaginou que os amigos da v\u00edtima pudessem vir contra si, em um linchamento e ele teria que usar sua arma para se defender. Ele evitou, com sua aus\u00eancia, que a trag\u00e9dia aumentasse\u201d, afirmou o advogado.<\/p>\n<p>Pereira sustenta que antes de atirar seu cliente deu voz de pris\u00e3o \u00e0s v\u00edtimas, tese que \u00e9 descartada por uma das testemunhas que estava no local. \u201cTalvez ela n\u00e3o tenha ouvido, assim como a pr\u00f3pria v\u00edtima falecida e a outra que est\u00e1 em atendimento\u201d, pontuou.<\/p>\n<p><strong>O crime<\/strong><\/p>\n<p>Um jovem morreu e outro est\u00e1 em estado grave no Hospital de Trauma de Jo\u00e3o Pessoa, ap\u00f3s terem sido confundidos com bandidos por um policial militar em uma pizzaria, no bairro do Bessa, em Jo\u00e3o Pessoa, na noite desta quarta-feira (12).<\/p>\n<p>Segundo informa\u00e7\u00f5es da Pol\u00edcia Civil, dois rapazes chegaram de moto ao local e ap\u00f3s estacionar ficaram aguardando seus amigos para uma confraterniza\u00e7\u00e3o da empresa em que trabalham.<\/p>\n<p>Em seguida, um carro a servi\u00e7o de um aplicativo de transporte chegou e quando uma das v\u00edtimas foi at\u00e9 o carro, o policial atirou contra o jovem e o motorista do ve\u00edculo. O outro rapaz se jogou no ch\u00e3o e gritou dizendo que n\u00e3o era bandido. Ap\u00f3s os disparos o suspeito, fugiu do local.<\/p>\n<p style=\"text-align: right;\">Catol\u00e9 em foco\/PBHoje<\/p>\n<p>&nbsp;<\/p>\n","protected":false},"excerpt":{"rendered":"<p>O soldado da Pol\u00edcia Militar que matou um jovem e feriu outro em uma pizzaria na noite dessa quarta-feira (12), no bairro do Bessa, em&hellip; <\/p>\n","protected":false},"author":1,"featured_media":76528,"comment_status":"closed","ping_status":"closed","sticky":false,"template":"","format":"standard","meta":{"sfsi_plus_gutenberg_text_before_share":"","sfsi_plus_gutenberg_show_text_before_share":"","sfsi_plus_gutenberg_icon_type":"","sfsi_plus_gutenberg_icon_alignemt":"","sfsi_plus_gutenburg_max_per_row":"","footnotes":""},"categories":[12],"tags":[],"class_list":["post-76527","post","type-post","status-publish","format-standard","has-post-thumbnail","hentry","category-policia"],"_links":{"self":[{"href":"https:\/\/www.caririemacao.com\/1\/wp-json\/wp\/v2\/posts\/76527","targetHints":{"allow":["GET"]}}],"collection":[{"href":"https:\/\/www.caririemacao.com\/1\/wp-json\/wp\/v2\/posts"}],"about":[{"href":"https:\/\/www.caririemacao.com\/1\/wp-json\/wp\/v2\/types\/post"}],"author":[{"embeddable":true,"href":"https:\/\/www.caririemacao.com\/1\/wp-json\/wp\/v2\/users\/1"}],"replies":[{"embeddable":true,"href":"https:\/\/www.caririemacao.com\/1\/wp-json\/wp\/v2\/comments?post=76527"}],"version-history":[{"count":1,"href":"https:\/\/www.caririemacao.com\/1\/wp-json\/wp\/v2\/posts\/76527\/revisions"}],"predecessor-version":[{"id":76529,"href":"https:\/\/www.caririemacao.com\/1\/wp-json\/wp\/v2\/posts\/76527\/revisions\/76529"}],"wp:featuredmedia":[{"embeddable":true,"href":"https:\/\/www.caririemacao.com\/1\/wp-json\/wp\/v2\/media\/76528"}],"wp:attachment":[{"href":"https:\/\/www.caririemacao.com\/1\/wp-json\/wp\/v2\/media?parent=76527"}],"wp:term":[{"taxonomy":"category","embeddable":true,"href":"https:\/\/www.caririemacao.com\/1\/wp-json\/wp\/v2\/categories?post=76527"},{"taxonomy":"post_tag","embeddable":true,"href":"https:\/\/www.caririemacao.com\/1\/wp-json\/wp\/v2\/tags?post=76527"}],"curies":[{"name":"wp","href":"https:\/\/api.w.org\/{rel}","templated":true}]}}