{"id":76608,"date":"2018-12-14T10:23:54","date_gmt":"2018-12-14T13:23:54","guid":{"rendered":"http:\/\/www.caririemacao.com\/1\/?p=76608"},"modified":"2018-12-14T10:23:54","modified_gmt":"2018-12-14T13:23:54","slug":"bolsonaro-anuncia-que-vai-rever-contratos-de-publicidade-do-governo-federal","status":"publish","type":"post","link":"https:\/\/www.caririemacao.com\/1\/2018\/12\/14\/bolsonaro-anuncia-que-vai-rever-contratos-de-publicidade-do-governo-federal\/","title":{"rendered":"Bolsonaro anuncia que vai rever contratos de publicidade do governo federal"},"content":{"rendered":"<p>O presidente eleito Jair Bolsonaro voltou a dizer que vai rever contratos de publicidade do governo a partir do ano que vem, quando assume o Pal\u00e1cio do Planalto.<\/p>\n<p>\u201cTomamos conhecimento de que a Caixa gastou cerca de R$ 2,5 bilh\u00f5es em publicidade e patroc\u00ednio neste \u00faltimo ano. Um absurdo! Assim como j\u00e1 estamos fazendo em diversos setores, iremos rever todos esses contratos, bem como os do BNDES, Banco do Brasil, Secom e outros\u201d, escreveu nas redes sociais.<\/p>\n<p>Com tom cr\u00edtico \u00e0 imprensa, Bolsonaro prometeu ao longo da campanha que cortaria a verba de publicidade da Secom (Secretaria de Comunica\u00e7\u00e3o Social).<\/p>\n<p>Ele escolheu o publicit\u00e1rio Floriano Barbosa para assumir a secretaria, que n\u00e3o ter\u00e1 status de minist\u00e9rio e ficar\u00e1 subordinada \u00e0 Secretaria de Governo, que ser\u00e1 comandada pelo general Carlos Alberto dos Santos Cruz.<\/p>\n<p>A Folha\u00a0de S. Paulo revelou que Barbosa j\u00e1 usou as redes sociais para criticar a imprensa e dizer que cortaria recursos dos ve\u00edculos de comunica\u00e7\u00e3o.<\/p>\n<p>Barbosa ent\u00e3o restringiu o acesso \u00e0 sua conta do Twitter, retirou sua foto e mudou o nome da conta.<\/p>\n<p>Ele\u00a0\u00e9 assessor\u00a0do gabinete de Eduardo Bolsonaro (PSL-SP), um dos filhos do presidente eleito.<\/p>\n<p>Durante o governo de transi\u00e7\u00e3o, o presidente eleito designou o general Floriano Peixoto para rever os contratos mantidos atualmente pela Secom.<\/p>\n<p>A recomenda\u00e7\u00e3o foi de que ele fizesse um pente-fino e entregasse um relat\u00f3rio antes do come\u00e7o do novo governo.<\/p>\n<p>&nbsp;<\/p>\n<p>Ag\u00eancia Brasil<\/p>\n","protected":false},"excerpt":{"rendered":"<p>O presidente eleito Jair Bolsonaro voltou a dizer que vai rever contratos de publicidade do governo a partir do ano que vem, quando assume o&hellip; <\/p>\n","protected":false},"author":1,"featured_media":76609,"comment_status":"closed","ping_status":"closed","sticky":false,"template":"","format":"standard","meta":{"sfsi_plus_gutenberg_text_before_share":"","sfsi_plus_gutenberg_show_text_before_share":"","sfsi_plus_gutenberg_icon_type":"","sfsi_plus_gutenberg_icon_alignemt":"","sfsi_plus_gutenburg_max_per_row":"","footnotes":""},"categories":[11],"tags":[],"class_list":["post-76608","post","type-post","status-publish","format-standard","has-post-thumbnail","hentry","category-politica"],"_links":{"self":[{"href":"https:\/\/www.caririemacao.com\/1\/wp-json\/wp\/v2\/posts\/76608","targetHints":{"allow":["GET"]}}],"collection":[{"href":"https:\/\/www.caririemacao.com\/1\/wp-json\/wp\/v2\/posts"}],"about":[{"href":"https:\/\/www.caririemacao.com\/1\/wp-json\/wp\/v2\/types\/post"}],"author":[{"embeddable":true,"href":"https:\/\/www.caririemacao.com\/1\/wp-json\/wp\/v2\/users\/1"}],"replies":[{"embeddable":true,"href":"https:\/\/www.caririemacao.com\/1\/wp-json\/wp\/v2\/comments?post=76608"}],"version-history":[{"count":1,"href":"https:\/\/www.caririemacao.com\/1\/wp-json\/wp\/v2\/posts\/76608\/revisions"}],"predecessor-version":[{"id":76610,"href":"https:\/\/www.caririemacao.com\/1\/wp-json\/wp\/v2\/posts\/76608\/revisions\/76610"}],"wp:featuredmedia":[{"embeddable":true,"href":"https:\/\/www.caririemacao.com\/1\/wp-json\/wp\/v2\/media\/76609"}],"wp:attachment":[{"href":"https:\/\/www.caririemacao.com\/1\/wp-json\/wp\/v2\/media?parent=76608"}],"wp:term":[{"taxonomy":"category","embeddable":true,"href":"https:\/\/www.caririemacao.com\/1\/wp-json\/wp\/v2\/categories?post=76608"},{"taxonomy":"post_tag","embeddable":true,"href":"https:\/\/www.caririemacao.com\/1\/wp-json\/wp\/v2\/tags?post=76608"}],"curies":[{"name":"wp","href":"https:\/\/api.w.org\/{rel}","templated":true}]}}