{"id":76615,"date":"2018-12-14T10:45:49","date_gmt":"2018-12-14T13:45:49","guid":{"rendered":"http:\/\/www.caririemacao.com\/1\/?p=76615"},"modified":"2018-12-14T10:45:49","modified_gmt":"2018-12-14T13:45:49","slug":"g1-seis-governadores-comecarao-mandato-com-situacao-fiscal-confortavel-dentre-eles-joao","status":"publish","type":"post","link":"https:\/\/www.caririemacao.com\/1\/2018\/12\/14\/g1-seis-governadores-comecarao-mandato-com-situacao-fiscal-confortavel-dentre-eles-joao\/","title":{"rendered":"G1: seis governadores come\u00e7ar\u00e3o mandato com situa\u00e7\u00e3o fiscal confort\u00e1vel, dentre eles Jo\u00e3o"},"content":{"rendered":"<div class=\"mc-column content-text active-extra-styles \" data-block-type=\"unstyled\" data-block-weight=\"58\" data-block-id=\"4\">\n<p class=\"content-text__container \" data-track-category=\"Link no Texto\" data-track-links=\"\">A crise fiscal dos governos estaduais tem um impacto perverso e direto na vida do cidad\u00e3o. S\u00e3o os estados que fornecem boa parte dos servi\u00e7os b\u00e1sicos para a sociedade como educa\u00e7\u00e3o, sa\u00fade e seguran\u00e7a p\u00fablica. Hoje, sem folga no or\u00e7amento, boa parte das pol\u00edticas p\u00fablicas est\u00e1 sendo comprometida e, em alguns estados, o sal\u00e1rio de servidores est\u00e1 atrasado. De acordo com o levantamento do G1, apenas seis governadores pegar\u00e3o estados com situa\u00e7\u00e3o fiscal confort\u00e1vel: um deles \u00e9 Jo\u00e3o Azev\u00eado, da Para\u00edba. Os outros s\u00e3o Amap\u00e1, Amazonas, Roraima, Tocantins e Esp\u00edrito Santo.<\/p>\n<\/div>\n<div class=\"mc-column content-text active-extra-styles \" data-block-type=\"unstyled\" data-block-weight=\"33\" data-block-id=\"6\">\n<p class=\"content-text__container \" data-track-category=\"Link no Texto\" data-track-links=\"\">\u201cA situa\u00e7\u00e3o dos estados \u00e9 muito complicada\u201d, diz o analista de contas p\u00fablicas da Tend\u00eancias, Fabio Klein, e coordenador do estudo. O levantamento teve a participa\u00e7\u00e3o do economista Marcio Milan, tamb\u00e9m da Tend\u00eancias.<\/p>\n<\/div>\n<div class=\"mc-column content-text active-extra-styles \" data-block-type=\"unstyled\" data-block-weight=\"60\" data-block-id=\"7\">\n<div class=\"td-a-rec td-a-rec-id-content_inline  \">Para avaliar a situa\u00e7\u00e3o fiscal dos estados, os analistas deram notas de 0 a 10 com base em dados do Tesouro Nacional para seis indicadores das contas p\u00fablicas: endividamento; poupan\u00e7a corrente, liquidez, resultado prim\u00e1rio, despesa com pessoal e encargos sociais e investimentos. Cada item recebeu um peso diferente e, em seguida, foi feita uma m\u00e9dia para cada unidade da federa\u00e7\u00e3o.<\/div>\n<\/div>\n<div class=\"mc-column content-text active-extra-styles \" data-block-type=\"unstyled\" data-block-weight=\"55\" data-block-id=\"9\">\n<p class=\"content-text__container \" data-track-category=\"Link no Texto\" data-track-links=\"\">Pelo levantamento, os estados com boa capacidade fiscal precisam ter nota m\u00e9dia igual ou acima de 6. Com muito boa capacidade, a nota tem de ultrapassar 8 \u2013 o \u00fanico a superar foi Amap\u00e1. \u201cMas a minha experi\u00eancia mostra que os dados do Amap\u00e1 variam muito. \u00c9 preciso olhar com um certo cuidado\u201d, afirma Klein.<\/p>\n<\/div>\n<div class=\"mc-column content-text active-extra-styles \" data-block-type=\"unstyled\" data-block-weight=\"37\" data-block-id=\"10\">\n<p class=\"content-text__container \" data-track-category=\"Link no Texto\" data-track-links=\"\">No outro extremo, est\u00e3o Rio de Janeiro, Minas Gerais e Rio Grande do Sul. Esses s\u00e3o os Estados mais fr\u00e1geis. \u201cO Rio vai mal em quase todos os indicadores. O mesmo ocorre com Minas Gerais\u201d, diz Klein. Informa\u00e7\u00f5es do G1.<\/p>\n<\/div>\n<div class=\"row medium-uncollapsed content-media content-photo\" data-block-type=\"backstage-photo\" data-block-id=\"11\">\n<div class=\"mc-column content-media__container\">\n<div class=\"progressive-img can-open-lightbox\" data-min-size=\"1008x1994\" data-min-size-url=\"https:\/\/s2.glbimg.com\/A8bG_qBJrVD932FsjE82OwdOPHE=\/0x0:1600x3166\/1008x0\/smart\/filters:strip_icc()\/i.s3.glbimg.com\/v1\/AUTH_59edd422c0c84a879bd37670ae4f538a\/internal_photos\/bs\/2018\/m\/O\/GoICKkSI6LuAEElnrL9w\/corda-no-pescoco-v2.png\" data-max-size=\"1600x3166\" data-max-size-url=\"https:\/\/s2.glbimg.com\/ixbFr3a9wwMxo67jR9fExcV0BXY=\/0x0:1600x3166\/1600x0\/smart\/filters:strip_icc()\/i.s3.glbimg.com\/v1\/AUTH_59edd422c0c84a879bd37670ae4f538a\/internal_photos\/bs\/2018\/m\/O\/GoICKkSI6LuAEElnrL9w\/corda-no-pescoco-v2.png\" data-media-index=\"1\">\n<div class=\"placeholder-container\"><picture><source srcset=\"https:\/\/s2.glbimg.com\/8FF5H9yZua8wugbSOCWBwqTrRQ8=\/0x0:1600x3166\/600x0\/smart\/filters:strip_icc()\/i.s3.glbimg.com\/v1\/AUTH_59edd422c0c84a879bd37670ae4f538a\/internal_photos\/bs\/2018\/m\/O\/GoICKkSI6LuAEElnrL9w\/corda-no-pescoco-v2.png 1x, https:\/\/s2.glbimg.com\/8zs-dtynHp9vyiGTdxrkspW_C4E=\/0x0:1600x3166\/1200x0\/smart\/filters:strip_icc()\/i.s3.glbimg.com\/v1\/AUTH_59edd422c0c84a879bd37670ae4f538a\/internal_photos\/bs\/2018\/m\/O\/GoICKkSI6LuAEElnrL9w\/corda-no-pescoco-v2.png 2x\" media=\"(max-width: 1024px)\" data-src=\"https:\/\/s2.glbimg.com\/8FF5H9yZua8wugbSOCWBwqTrRQ8=\/0x0:1600x3166\/600x0\/smart\/filters:strip_icc()\/i.s3.glbimg.com\/v1\/AUTH_59edd422c0c84a879bd37670ae4f538a\/internal_photos\/bs\/2018\/m\/O\/GoICKkSI6LuAEElnrL9w\/corda-no-pescoco-v2.png 1x, https:\/\/s2.glbimg.com\/8zs-dtynHp9vyiGTdxrkspW_C4E=\/0x0:1600x3166\/1200x0\/smart\/filters:strip_icc()\/i.s3.glbimg.com\/v1\/AUTH_59edd422c0c84a879bd37670ae4f538a\/internal_photos\/bs\/2018\/m\/O\/GoICKkSI6LuAEElnrL9w\/corda-no-pescoco-v2.png 2x\" \/><source srcset=\"https:\/\/s2.glbimg.com\/nDDU7NDO_IJ_nBCa4e277mB-Qwo=\/0x0:1600x3166\/640x0\/smart\/filters:strip_icc()\/i.s3.glbimg.com\/v1\/AUTH_59edd422c0c84a879bd37670ae4f538a\/internal_photos\/bs\/2018\/m\/O\/GoICKkSI6LuAEElnrL9w\/corda-no-pescoco-v2.png 1x, https:\/\/s2.glbimg.com\/qGv8ug5BJEJ-fSsGc7bB6S2OnGM=\/0x0:1600x3166\/1280x0\/smart\/filters:strip_icc()\/i.s3.glbimg.com\/v1\/AUTH_59edd422c0c84a879bd37670ae4f538a\/internal_photos\/bs\/2018\/m\/O\/GoICKkSI6LuAEElnrL9w\/corda-no-pescoco-v2.png 2x\" media=\"(max-width: 1280px)\" data-src=\"https:\/\/s2.glbimg.com\/nDDU7NDO_IJ_nBCa4e277mB-Qwo=\/0x0:1600x3166\/640x0\/smart\/filters:strip_icc()\/i.s3.glbimg.com\/v1\/AUTH_59edd422c0c84a879bd37670ae4f538a\/internal_photos\/bs\/2018\/m\/O\/GoICKkSI6LuAEElnrL9w\/corda-no-pescoco-v2.png 1x, https:\/\/s2.glbimg.com\/qGv8ug5BJEJ-fSsGc7bB6S2OnGM=\/0x0:1600x3166\/1280x0\/smart\/filters:strip_icc()\/i.s3.glbimg.com\/v1\/AUTH_59edd422c0c84a879bd37670ae4f538a\/internal_photos\/bs\/2018\/m\/O\/GoICKkSI6LuAEElnrL9w\/corda-no-pescoco-v2.png 2x\" \/><source srcset=\"https:\/\/s2.glbimg.com\/0OBwQmOuFasFMqJjr2LM6slROO4=\/0x0:1600x3166\/984x0\/smart\/filters:strip_icc()\/i.s3.glbimg.com\/v1\/AUTH_59edd422c0c84a879bd37670ae4f538a\/internal_photos\/bs\/2018\/m\/O\/GoICKkSI6LuAEElnrL9w\/corda-no-pescoco-v2.png 1x, https:\/\/s2.glbimg.com\/DE6y8AOcyjw17av3xSFF3VAwoA8=\/0x0:1600x3166\/1968x0\/smart\/filters:strip_icc()\/i.s3.glbimg.com\/v1\/AUTH_59edd422c0c84a879bd37670ae4f538a\/internal_photos\/bs\/2018\/m\/O\/GoICKkSI6LuAEElnrL9w\/corda-no-pescoco-v2.png 2x\" media=\"(max-width: 1360px)\" data-src=\"https:\/\/s2.glbimg.com\/0OBwQmOuFasFMqJjr2LM6slROO4=\/0x0:1600x3166\/984x0\/smart\/filters:strip_icc()\/i.s3.glbimg.com\/v1\/AUTH_59edd422c0c84a879bd37670ae4f538a\/internal_photos\/bs\/2018\/m\/O\/GoICKkSI6LuAEElnrL9w\/corda-no-pescoco-v2.png 1x, https:\/\/s2.glbimg.com\/DE6y8AOcyjw17av3xSFF3VAwoA8=\/0x0:1600x3166\/1968x0\/smart\/filters:strip_icc()\/i.s3.glbimg.com\/v1\/AUTH_59edd422c0c84a879bd37670ae4f538a\/internal_photos\/bs\/2018\/m\/O\/GoICKkSI6LuAEElnrL9w\/corda-no-pescoco-v2.png 2x\" \/><source srcset=\"https:\/\/s2.glbimg.com\/wZBvLQ3I5yU9wiPUW6GNpCxYfLo=\/0x0:1600x3166\/1000x0\/smart\/filters:strip_icc()\/i.s3.glbimg.com\/v1\/AUTH_59edd422c0c84a879bd37670ae4f538a\/internal_photos\/bs\/2018\/m\/O\/GoICKkSI6LuAEElnrL9w\/corda-no-pescoco-v2.png 1x, https:\/\/s2.glbimg.com\/kZw1WQ2t_6MyZi9N-sLSTiYyxKI=\/0x0:1600x3166\/2000x0\/smart\/filters:strip_icc()\/i.s3.glbimg.com\/v1\/AUTH_59edd422c0c84a879bd37670ae4f538a\/internal_photos\/bs\/2018\/m\/O\/GoICKkSI6LuAEElnrL9w\/corda-no-pescoco-v2.png 2x\" media=\"(min-width: 1361px)\" data-src=\"https:\/\/s2.glbimg.com\/wZBvLQ3I5yU9wiPUW6GNpCxYfLo=\/0x0:1600x3166\/1000x0\/smart\/filters:strip_icc()\/i.s3.glbimg.com\/v1\/AUTH_59edd422c0c84a879bd37670ae4f538a\/internal_photos\/bs\/2018\/m\/O\/GoICKkSI6LuAEElnrL9w\/corda-no-pescoco-v2.png 1x, https:\/\/s2.glbimg.com\/kZw1WQ2t_6MyZi9N-sLSTiYyxKI=\/0x0:1600x3166\/2000x0\/smart\/filters:strip_icc()\/i.s3.glbimg.com\/v1\/AUTH_59edd422c0c84a879bd37670ae4f538a\/internal_photos\/bs\/2018\/m\/O\/GoICKkSI6LuAEElnrL9w\/corda-no-pescoco-v2.png 2x\" \/><source srcset=\"https:\/\/s2.glbimg.com\/0OBwQmOuFasFMqJjr2LM6slROO4=\/0x0:1600x3166\/984x0\/smart\/filters:strip_icc()\/i.s3.glbimg.com\/v1\/AUTH_59edd422c0c84a879bd37670ae4f538a\/internal_photos\/bs\/2018\/m\/O\/GoICKkSI6LuAEElnrL9w\/corda-no-pescoco-v2.png\" data-src=\"https:\/\/s2.glbimg.com\/0OBwQmOuFasFMqJjr2LM6slROO4=\/0x0:1600x3166\/984x0\/smart\/filters:strip_icc()\/i.s3.glbimg.com\/v1\/AUTH_59edd422c0c84a879bd37670ae4f538a\/internal_photos\/bs\/2018\/m\/O\/GoICKkSI6LuAEElnrL9w\/corda-no-pescoco-v2.png\" \/><img decoding=\"async\" class=\"image content-media__image progressive-loaded\" title=\"\" src=\"https:\/\/s2.glbimg.com\/0OBwQmOuFasFMqJjr2LM6slROO4=\/0x0:1600x3166\/984x0\/smart\/filters:strip_icc()\/i.s3.glbimg.com\/v1\/AUTH_59edd422c0c84a879bd37670ae4f538a\/internal_photos\/bs\/2018\/m\/O\/GoICKkSI6LuAEElnrL9w\/corda-no-pescoco-v2.png\" alt=\"G1: seis governadores come\u00e7ar\u00e3o mandato com situa\u00e7\u00e3o fiscal confort\u00e1vel, dentre eles Jo\u00e3o\" data-src=\"https:\/\/s2.glbimg.com\/0OBwQmOuFasFMqJjr2LM6slROO4=\/0x0:1600x3166\/984x0\/smart\/filters:strip_icc()\/i.s3.glbimg.com\/v1\/AUTH_59edd422c0c84a879bd37670ae4f538a\/internal_photos\/bs\/2018\/m\/O\/GoICKkSI6LuAEElnrL9w\/corda-no-pescoco-v2.png\" \/><\/picture><\/div>\n<\/div>\n<\/div>\n<\/div>\n<div><\/div>\n<div>G1<\/div>\n","protected":false},"excerpt":{"rendered":"<p>A crise fiscal dos governos estaduais tem um impacto perverso e direto na vida do cidad\u00e3o. S\u00e3o os estados que fornecem boa parte dos servi\u00e7os&hellip; <\/p>\n","protected":false},"author":1,"featured_media":76620,"comment_status":"closed","ping_status":"closed","sticky":false,"template":"","format":"standard","meta":{"sfsi_plus_gutenberg_text_before_share":"","sfsi_plus_gutenberg_show_text_before_share":"","sfsi_plus_gutenberg_icon_type":"","sfsi_plus_gutenberg_icon_alignemt":"","sfsi_plus_gutenburg_max_per_row":"","footnotes":""},"categories":[11],"tags":[],"class_list":["post-76615","post","type-post","status-publish","format-standard","has-post-thumbnail","hentry","category-politica"],"_links":{"self":[{"href":"https:\/\/www.caririemacao.com\/1\/wp-json\/wp\/v2\/posts\/76615","targetHints":{"allow":["GET"]}}],"collection":[{"href":"https:\/\/www.caririemacao.com\/1\/wp-json\/wp\/v2\/posts"}],"about":[{"href":"https:\/\/www.caririemacao.com\/1\/wp-json\/wp\/v2\/types\/post"}],"author":[{"embeddable":true,"href":"https:\/\/www.caririemacao.com\/1\/wp-json\/wp\/v2\/users\/1"}],"replies":[{"embeddable":true,"href":"https:\/\/www.caririemacao.com\/1\/wp-json\/wp\/v2\/comments?post=76615"}],"version-history":[{"count":1,"href":"https:\/\/www.caririemacao.com\/1\/wp-json\/wp\/v2\/posts\/76615\/revisions"}],"predecessor-version":[{"id":76621,"href":"https:\/\/www.caririemacao.com\/1\/wp-json\/wp\/v2\/posts\/76615\/revisions\/76621"}],"wp:featuredmedia":[{"embeddable":true,"href":"https:\/\/www.caririemacao.com\/1\/wp-json\/wp\/v2\/media\/76620"}],"wp:attachment":[{"href":"https:\/\/www.caririemacao.com\/1\/wp-json\/wp\/v2\/media?parent=76615"}],"wp:term":[{"taxonomy":"category","embeddable":true,"href":"https:\/\/www.caririemacao.com\/1\/wp-json\/wp\/v2\/categories?post=76615"},{"taxonomy":"post_tag","embeddable":true,"href":"https:\/\/www.caririemacao.com\/1\/wp-json\/wp\/v2\/tags?post=76615"}],"curies":[{"name":"wp","href":"https:\/\/api.w.org\/{rel}","templated":true}]}}