{"id":76622,"date":"2018-12-14T11:10:02","date_gmt":"2018-12-14T14:10:02","guid":{"rendered":"http:\/\/www.caririemacao.com\/1\/?p=76622"},"modified":"2018-12-14T11:10:02","modified_gmt":"2018-12-14T14:10:02","slug":"medico-confirma-cirurgia-de-bolsonaro-para-o-dia-28-de-janeiro","status":"publish","type":"post","link":"https:\/\/www.caririemacao.com\/1\/2018\/12\/14\/medico-confirma-cirurgia-de-bolsonaro-para-o-dia-28-de-janeiro\/","title":{"rendered":"M\u00e9dico confirma cirurgia de Bolsonaro para o dia 28 de janeiro"},"content":{"rendered":"<p>O m\u00e9dico-cirurgi\u00e3o Ant\u00f4nio Luiz Macedo, do Hospital Israelita Albert Einstein, afirmou\u00a0hoje\u00a0(13) \u00e0 reportagem da\u00a0<strong>Ag\u00eancia Brasil<\/strong>\u00a0que a cirurgia para a retirada da bolsa de colostomia do presidente eleito, Jair Bolsonaro, foi remarcada para o dia\u00a028 de janeiro. Mais cedo, Bolsonaro esteve no hospital, na capital paulista, para uma\u00a0consulta\u00a0de rotina, que durou cerca de um hora.<\/p>\n<p>Inicialmente marcada para\u00a0ontem\u00a0(12), a cirurgia foi adiada em novembro ap\u00f3s uma s\u00e9rie de exames que apontaram uma inflama\u00e7\u00e3o do perit\u00f4nio e processo de ader\u00eancia entre as al\u00e7as intestinais. A nova data tamb\u00e9m \u00e9 uma adequa\u00e7\u00e3o \u00e0 agenda do pr\u00f3ximo presidente, que participar\u00e1 do F\u00f3rum Econ\u00f4mico de Davos, na Su\u00ed\u00e7a, entre os dias 22 e\u00a025 de janeiro, em um dos seus primeiros compromissos internacionais ap\u00f3s tomar posse no cargo.<\/p>\n<p>\u201c\u00c9 a disponibilidade dele [Bolsonaro]. Agora n\u00e3o d\u00e1 por causa da posse do dia 1\u00ba de janeiro, depois ele tem um compromisso fora do Brasil [F\u00f3rum de Davos], que ele n\u00e3o pode deixar de ir. Quando ele voltar desse compromisso, ele ser\u00e1 operado\u201d, afirmou Macedo, um dos maiores especialistas em cirurgia do aparelho digestivo no pa\u00eds.<\/p>\n<p>Ant\u00f4nio Macedo acompanha Bolsonaro desde o ataque sofrido pelo ent\u00e3o candidato \u00e0 presidente, no dia\u00a06 de setembro, em Juiz de Fora (MG), durante a campanha eleitoral. Bolsonaro foi esfaqueado no abd\u00f4men por Ad\u00e9lio Bispo de Oliveira, de 40 anos. O autor do ataque segue preso na penitenci\u00e1ria federal de Campo Grande.<\/p>\n<p><strong>Almo\u00e7o com Silvio Santos\u00a0<\/strong><\/p>\n<p>Ap\u00f3s a consulta em S\u00e3o Paulo, Jair Bolsonaro almo\u00e7ou com o apresentador Silvio Santos, do SBT, na zona sul da cidade.\u00a0Ontem\u00a0(12), o apresentador completou 88 anos de idade, e o almo\u00e7o foi organizado como uma confraterniza\u00e7\u00e3o. O presidente eleito estava acompanhado da esposa, Michelle Bolsonaro, do futuro ministro-chefe da Casa Civil, Onyx Lorenzoni, al\u00e9m de outros assessores, sob\u00a0um forte esquema de seguran\u00e7a.<\/p>\n<p>Bolsonaro deixou a casa de Silvio Santos por volta das 14h e foi direito para o aeroporto de Congonhas, onde embarcou para o Rio\u00a0de Janeiro. A expecativa \u00e9 que ele permane\u00e7a na cidade pelos pr\u00f3ximos dias.<\/p>\n","protected":false},"excerpt":{"rendered":"<p>O m\u00e9dico-cirurgi\u00e3o Ant\u00f4nio Luiz Macedo, do Hospital Israelita Albert Einstein, afirmou\u00a0hoje\u00a0(13) \u00e0 reportagem da\u00a0Ag\u00eancia Brasil\u00a0que a cirurgia para a retirada da bolsa de colostomia do&hellip; <\/p>\n","protected":false},"author":1,"featured_media":76029,"comment_status":"closed","ping_status":"closed","sticky":false,"template":"","format":"standard","meta":{"sfsi_plus_gutenberg_text_before_share":"","sfsi_plus_gutenberg_show_text_before_share":"","sfsi_plus_gutenberg_icon_type":"","sfsi_plus_gutenberg_icon_alignemt":"","sfsi_plus_gutenburg_max_per_row":"","footnotes":""},"categories":[11],"tags":[],"class_list":["post-76622","post","type-post","status-publish","format-standard","has-post-thumbnail","hentry","category-politica"],"_links":{"self":[{"href":"https:\/\/www.caririemacao.com\/1\/wp-json\/wp\/v2\/posts\/76622","targetHints":{"allow":["GET"]}}],"collection":[{"href":"https:\/\/www.caririemacao.com\/1\/wp-json\/wp\/v2\/posts"}],"about":[{"href":"https:\/\/www.caririemacao.com\/1\/wp-json\/wp\/v2\/types\/post"}],"author":[{"embeddable":true,"href":"https:\/\/www.caririemacao.com\/1\/wp-json\/wp\/v2\/users\/1"}],"replies":[{"embeddable":true,"href":"https:\/\/www.caririemacao.com\/1\/wp-json\/wp\/v2\/comments?post=76622"}],"version-history":[{"count":1,"href":"https:\/\/www.caririemacao.com\/1\/wp-json\/wp\/v2\/posts\/76622\/revisions"}],"predecessor-version":[{"id":76623,"href":"https:\/\/www.caririemacao.com\/1\/wp-json\/wp\/v2\/posts\/76622\/revisions\/76623"}],"wp:featuredmedia":[{"embeddable":true,"href":"https:\/\/www.caririemacao.com\/1\/wp-json\/wp\/v2\/media\/76029"}],"wp:attachment":[{"href":"https:\/\/www.caririemacao.com\/1\/wp-json\/wp\/v2\/media?parent=76622"}],"wp:term":[{"taxonomy":"category","embeddable":true,"href":"https:\/\/www.caririemacao.com\/1\/wp-json\/wp\/v2\/categories?post=76622"},{"taxonomy":"post_tag","embeddable":true,"href":"https:\/\/www.caririemacao.com\/1\/wp-json\/wp\/v2\/tags?post=76622"}],"curies":[{"name":"wp","href":"https:\/\/api.w.org\/{rel}","templated":true}]}}