{"id":76667,"date":"2018-12-14T11:49:40","date_gmt":"2018-12-14T14:49:40","guid":{"rendered":"http:\/\/www.caririemacao.com\/1\/?p=76667"},"modified":"2018-12-14T11:49:40","modified_gmt":"2018-12-14T14:49:40","slug":"prefeito-eden-duarte-recebe-neste-sabado-premio-referencia-por-excelencia-em-gestao","status":"publish","type":"post","link":"https:\/\/www.caririemacao.com\/1\/2018\/12\/14\/prefeito-eden-duarte-recebe-neste-sabado-premio-referencia-por-excelencia-em-gestao\/","title":{"rendered":"Prefeito \u00c9den Duarte recebe neste s\u00e1bado Pr\u00eamio Refer\u00eancia por excel\u00eancia em gest\u00e3o"},"content":{"rendered":"<p><a href=\"http:\/\/www.sume.pb.gov.br\/wp-content\/uploads\/2018\/12\/29025340_1199515900184431_4898082606752464896_n.jpg\" data-slb-active=\"1\" data-slb-asset=\"91948592\" data-slb-internal=\"0\" data-slb-group=\"6738\"><img fetchpriority=\"high\" decoding=\"async\" class=\"alignnone  wp-image-6739\" src=\"http:\/\/www.sume.pb.gov.br\/wp-content\/uploads\/2018\/12\/29025340_1199515900184431_4898082606752464896_n-300x200.jpg\" sizes=\"(max-width: 300px) 100vw, 300px\" srcset=\"http:\/\/www.sume.pb.gov.br\/wp-content\/uploads\/2018\/12\/29025340_1199515900184431_4898082606752464896_n-300x200.jpg 300w, http:\/\/www.sume.pb.gov.br\/wp-content\/uploads\/2018\/12\/29025340_1199515900184431_4898082606752464896_n-768x512.jpg 768w, http:\/\/www.sume.pb.gov.br\/wp-content\/uploads\/2018\/12\/29025340_1199515900184431_4898082606752464896_n.jpg 800w\" alt=\"\" width=\"473\" height=\"315\" \/><\/a><\/p>\n<p>O prefeito \u00c9den Duarte recebe neste s\u00e1bado (15\/12) mais uma indica\u00e7\u00e3o do Pr\u00eamio Refer\u00eancia 2018 como um dos prefeitos mais bem avaliados da regi\u00e3o do Cariri.<\/p>\n<p>O Pr\u00eamio Refer\u00eancia \u00e9 realizado pelo site Cariri em A\u00e7\u00e3o com pesquisas in loco que foram aplicadas no m\u00eas de outubro.<\/p>\n<p>Este \u00e9 mais um reconhecimento para um governo que tem mostrado trabalho, boas pr\u00e1ticas na gest\u00e3o p\u00fablica e na aplica\u00e7\u00e3o de recursos p\u00fablicos.<\/p>\n<p>A administra\u00e7\u00e3o do prefeito \u00c9den tamb\u00e9m j\u00e1 foi destaque em execu\u00e7\u00e3o or\u00e7ament\u00e1ria, avaliada pelo Tribunal de Contas do Estado da Para\u00edba, assim como indicada pelo Conselho Federal de Administra\u00e7\u00e3o (CFA), como Destaque de Munic\u00edpio no \u00cdndice de Governan\u00e7a Municipal.<\/p>\n<p>A entrega do Pr\u00eamio Refer\u00eancia 2018 acontece neste s\u00e1bado, a partir das 19h, no Centro Popular Alexandre Brito, em Monteiro.<\/p>\n<p>O prefeito \u00c9den confirmou presen\u00e7a no evento.<\/p>\n<p>&nbsp;<\/p>\n<p>Ascom<\/p>\n","protected":false},"excerpt":{"rendered":"<p>O prefeito \u00c9den Duarte recebe neste s\u00e1bado (15\/12) mais uma indica\u00e7\u00e3o do Pr\u00eamio Refer\u00eancia 2018 como um dos prefeitos mais bem avaliados da regi\u00e3o do&hellip; <\/p>\n","protected":false},"author":1,"featured_media":37102,"comment_status":"closed","ping_status":"closed","sticky":false,"template":"","format":"standard","meta":{"sfsi_plus_gutenberg_text_before_share":"","sfsi_plus_gutenberg_show_text_before_share":"","sfsi_plus_gutenberg_icon_type":"","sfsi_plus_gutenberg_icon_alignemt":"","sfsi_plus_gutenburg_max_per_row":"","footnotes":""},"categories":[50,2],"tags":[],"class_list":["post-76667","post","type-post","status-publish","format-standard","has-post-thumbnail","hentry","category-destaque","category-geral"],"_links":{"self":[{"href":"https:\/\/www.caririemacao.com\/1\/wp-json\/wp\/v2\/posts\/76667","targetHints":{"allow":["GET"]}}],"collection":[{"href":"https:\/\/www.caririemacao.com\/1\/wp-json\/wp\/v2\/posts"}],"about":[{"href":"https:\/\/www.caririemacao.com\/1\/wp-json\/wp\/v2\/types\/post"}],"author":[{"embeddable":true,"href":"https:\/\/www.caririemacao.com\/1\/wp-json\/wp\/v2\/users\/1"}],"replies":[{"embeddable":true,"href":"https:\/\/www.caririemacao.com\/1\/wp-json\/wp\/v2\/comments?post=76667"}],"version-history":[{"count":1,"href":"https:\/\/www.caririemacao.com\/1\/wp-json\/wp\/v2\/posts\/76667\/revisions"}],"predecessor-version":[{"id":76668,"href":"https:\/\/www.caririemacao.com\/1\/wp-json\/wp\/v2\/posts\/76667\/revisions\/76668"}],"wp:featuredmedia":[{"embeddable":true,"href":"https:\/\/www.caririemacao.com\/1\/wp-json\/wp\/v2\/media\/37102"}],"wp:attachment":[{"href":"https:\/\/www.caririemacao.com\/1\/wp-json\/wp\/v2\/media?parent=76667"}],"wp:term":[{"taxonomy":"category","embeddable":true,"href":"https:\/\/www.caririemacao.com\/1\/wp-json\/wp\/v2\/categories?post=76667"},{"taxonomy":"post_tag","embeddable":true,"href":"https:\/\/www.caririemacao.com\/1\/wp-json\/wp\/v2\/tags?post=76667"}],"curies":[{"name":"wp","href":"https:\/\/api.w.org\/{rel}","templated":true}]}}