{"id":76672,"date":"2018-12-14T11:52:24","date_gmt":"2018-12-14T14:52:24","guid":{"rendered":"http:\/\/www.caririemacao.com\/1\/?p=76672"},"modified":"2018-12-14T11:52:24","modified_gmt":"2018-12-14T14:52:24","slug":"valor-do-seguro-obrigatorio-dpvat-caira-633-em-2019","status":"publish","type":"post","link":"https:\/\/www.caririemacao.com\/1\/2018\/12\/14\/valor-do-seguro-obrigatorio-dpvat-caira-633-em-2019\/","title":{"rendered":"Valor do seguro obrigat\u00f3rio DPVAT cair\u00e1 63,3% em 2019"},"content":{"rendered":"<p>Os motoristas pagar\u00e3o menos seguro obrigat\u00f3rio em 2019. O Conselho Nacional de Seguros Privados (CNSP), vinculado ao Minist\u00e9rio da Fazenda, aprovou quinta-feira (13), a redu\u00e7\u00e3o m\u00e9dia de 63,3% do valor do Seguro Obrigat\u00f3rio de Danos Pessoais Causados por Ve\u00edculos (DPVAT) no pr\u00f3ximo ano.<\/p>\n<p>As redu\u00e7\u00f5es ocorrer\u00e3o de forma diferenciada conforme o tipo de ve\u00edculo. Autom\u00f3veis particulares, t\u00e1xis e carros de aluguel, ve\u00edculos ciclomotores e m\u00e1quinas de terraplanagem, tratores, caminh\u00f5es, pick-ups, reboques e semirreboques ter\u00e3o o DPVAT reduzido em 71%. No caso dos autom\u00f3veis particulares, a tarifa cair\u00e1 de R$ 41,40 para R$ 12.<\/p>\n<p>Os \u00f4nibus, micro-\u00f4nibus e lota\u00e7\u00f5es ter\u00e3o o seguro reduzido em 79%. J\u00e1 o seguro para as motocicletas e motonetas, que concentram a maior parte dos acidentes de tr\u00e2nsito que demandam o acionamento do DPVAT, cair\u00e1 menos e ficar\u00e1 56% mais barato.<\/p>\n<p>Em nota, o Minist\u00e9rio da Fazenda informou que a redu\u00e7\u00e3o dos pr\u00eamios tarif\u00e1rios foi poss\u00edvel porque o montante de recursos acumulados atualmente \u00e9 superior \u00e0s necessidades do DPVAT. A pasta atribuiu a sobra de recursos ao combate \u00e0s fraudes, que levou a uma redu\u00e7\u00e3o significativa dos sinistros, e \u00e0 rentabilidade das reservas do fundo que comp\u00f5e o seguro.<\/p>\n<p>O minist\u00e9rio informou ainda que os percentuais de redu\u00e7\u00e3o variaram de acordo com o tipo de ve\u00edculo para reduzir o subs\u00eddio \u00e0s motos. Apesar de concentrarem 74% das indeniza\u00e7\u00f5es, as motocicletas correspondem a apenas 27% da frota nacional.<\/p>\n<p>Em rela\u00e7\u00e3o aos ve\u00edculos de transporte coletivo, a redu\u00e7\u00e3o foi proporcionalmente maior porque o Conselho Nacional de Seguros Privados quis privilegiar os meios de transportes coletivos, que oferecem menos riscos em rela\u00e7\u00e3o aos meios de transporte individuais.<\/p>\n<p>Segundo a Fazenda, as reservas s\u00e3o mais que suficientes para garantir a solv\u00eancia de longo prazo do Seguro DPVAT, que paga indeniza\u00e7\u00f5es em torno de R$ 2 bilh\u00f5es por ano.<\/p>\n<p>O minist\u00e9rio tamb\u00e9m destacou melhorias na gest\u00e3o da Seguradora L\u00edder, administradora do seguro obrigat\u00f3rio, o que aumentou o rigor com as indeniza\u00e7\u00f5es e reduziu os gastos com o DPVAT.<\/p>\n<p>&nbsp;<\/p>\n<p>Plant\u00e3o Da Hora<\/p>\n<div class=\"addtoany_share_save_container addtoany_content_bottom\">\n<div class=\"a2a_kit a2a_kit_size_32 addtoany_list\" data-a2a-url=\"http:\/\/hora1pb.com.br\/valor-do-seguro-obrigatorio-dpvat-caira-633-em-2019\/\" data-a2a-title=\"Valor do seguro obrigat\u00f3rio DPVAT cair\u00e1 63,3% em 2019\"><\/div>\n<\/div>\n","protected":false},"excerpt":{"rendered":"<p>Os motoristas pagar\u00e3o menos seguro obrigat\u00f3rio em 2019. O Conselho Nacional de Seguros Privados (CNSP), vinculado ao Minist\u00e9rio da Fazenda, aprovou quinta-feira (13), a redu\u00e7\u00e3o&hellip; <\/p>\n","protected":false},"author":1,"featured_media":52790,"comment_status":"closed","ping_status":"closed","sticky":false,"template":"","format":"standard","meta":{"sfsi_plus_gutenberg_text_before_share":"","sfsi_plus_gutenberg_show_text_before_share":"","sfsi_plus_gutenberg_icon_type":"","sfsi_plus_gutenberg_icon_alignemt":"","sfsi_plus_gutenburg_max_per_row":"","footnotes":""},"categories":[2],"tags":[],"class_list":["post-76672","post","type-post","status-publish","format-standard","has-post-thumbnail","hentry","category-geral"],"_links":{"self":[{"href":"https:\/\/www.caririemacao.com\/1\/wp-json\/wp\/v2\/posts\/76672","targetHints":{"allow":["GET"]}}],"collection":[{"href":"https:\/\/www.caririemacao.com\/1\/wp-json\/wp\/v2\/posts"}],"about":[{"href":"https:\/\/www.caririemacao.com\/1\/wp-json\/wp\/v2\/types\/post"}],"author":[{"embeddable":true,"href":"https:\/\/www.caririemacao.com\/1\/wp-json\/wp\/v2\/users\/1"}],"replies":[{"embeddable":true,"href":"https:\/\/www.caririemacao.com\/1\/wp-json\/wp\/v2\/comments?post=76672"}],"version-history":[{"count":1,"href":"https:\/\/www.caririemacao.com\/1\/wp-json\/wp\/v2\/posts\/76672\/revisions"}],"predecessor-version":[{"id":76676,"href":"https:\/\/www.caririemacao.com\/1\/wp-json\/wp\/v2\/posts\/76672\/revisions\/76676"}],"wp:featuredmedia":[{"embeddable":true,"href":"https:\/\/www.caririemacao.com\/1\/wp-json\/wp\/v2\/media\/52790"}],"wp:attachment":[{"href":"https:\/\/www.caririemacao.com\/1\/wp-json\/wp\/v2\/media?parent=76672"}],"wp:term":[{"taxonomy":"category","embeddable":true,"href":"https:\/\/www.caririemacao.com\/1\/wp-json\/wp\/v2\/categories?post=76672"},{"taxonomy":"post_tag","embeddable":true,"href":"https:\/\/www.caririemacao.com\/1\/wp-json\/wp\/v2\/tags?post=76672"}],"curies":[{"name":"wp","href":"https:\/\/api.w.org\/{rel}","templated":true}]}}