{"id":76685,"date":"2018-12-14T11:57:42","date_gmt":"2018-12-14T14:57:42","guid":{"rendered":"http:\/\/www.caririemacao.com\/1\/?p=76685"},"modified":"2018-12-14T11:57:42","modified_gmt":"2018-12-14T14:57:42","slug":"previsoes-animadoras-da-meteorologia-para-primeiros-meses-de-2019-na-pb","status":"publish","type":"post","link":"https:\/\/www.caririemacao.com\/1\/2018\/12\/14\/previsoes-animadoras-da-meteorologia-para-primeiros-meses-de-2019-na-pb\/","title":{"rendered":"Previs\u00f5es animadoras da meteorologia para primeiros meses de 2019 na PB"},"content":{"rendered":"<p>Os meteorologistas est\u00e3o prevendo um in\u00edcio de 2019 com muita chuva, principalmente nas regi\u00f5es do Sert\u00e3o e Curimata\u00fa.<\/p>\n<p>Em recente reuni\u00e3o para avaliar as quest\u00f5es climatol\u00f3gicas, os pesquisadores de v\u00e1rios estados nordestinos elaboraram uma previs\u00e3o para os meses de dezembro, janeiro e fevereiro.<\/p>\n<p>Pela analise, nesses meses as chuvas dever\u00e3o ficar dentro da m\u00e9dia hist\u00f3rica para o per\u00edodo.<\/p>\n<p>\u2013 Essas chuvas devem se comportar dentro da m\u00e9dia na Para\u00edba, nos tr\u00eas meses \u2013 disse Marle Bandeira, meteorologista da Aesa.<\/p>\n","protected":false},"excerpt":{"rendered":"<p>Os meteorologistas est\u00e3o prevendo um in\u00edcio de 2019 com muita chuva, principalmente nas regi\u00f5es do Sert\u00e3o e Curimata\u00fa. Em recente reuni\u00e3o para avaliar as quest\u00f5es&hellip; <\/p>\n","protected":false},"author":1,"featured_media":76686,"comment_status":"closed","ping_status":"closed","sticky":false,"template":"","format":"standard","meta":{"sfsi_plus_gutenberg_text_before_share":"","sfsi_plus_gutenberg_show_text_before_share":"","sfsi_plus_gutenberg_icon_type":"","sfsi_plus_gutenberg_icon_alignemt":"","sfsi_plus_gutenburg_max_per_row":"","footnotes":""},"categories":[6],"tags":[],"class_list":["post-76685","post","type-post","status-publish","format-standard","has-post-thumbnail","hentry","category-cidades"],"_links":{"self":[{"href":"https:\/\/www.caririemacao.com\/1\/wp-json\/wp\/v2\/posts\/76685","targetHints":{"allow":["GET"]}}],"collection":[{"href":"https:\/\/www.caririemacao.com\/1\/wp-json\/wp\/v2\/posts"}],"about":[{"href":"https:\/\/www.caririemacao.com\/1\/wp-json\/wp\/v2\/types\/post"}],"author":[{"embeddable":true,"href":"https:\/\/www.caririemacao.com\/1\/wp-json\/wp\/v2\/users\/1"}],"replies":[{"embeddable":true,"href":"https:\/\/www.caririemacao.com\/1\/wp-json\/wp\/v2\/comments?post=76685"}],"version-history":[{"count":1,"href":"https:\/\/www.caririemacao.com\/1\/wp-json\/wp\/v2\/posts\/76685\/revisions"}],"predecessor-version":[{"id":76687,"href":"https:\/\/www.caririemacao.com\/1\/wp-json\/wp\/v2\/posts\/76685\/revisions\/76687"}],"wp:featuredmedia":[{"embeddable":true,"href":"https:\/\/www.caririemacao.com\/1\/wp-json\/wp\/v2\/media\/76686"}],"wp:attachment":[{"href":"https:\/\/www.caririemacao.com\/1\/wp-json\/wp\/v2\/media?parent=76685"}],"wp:term":[{"taxonomy":"category","embeddable":true,"href":"https:\/\/www.caririemacao.com\/1\/wp-json\/wp\/v2\/categories?post=76685"},{"taxonomy":"post_tag","embeddable":true,"href":"https:\/\/www.caririemacao.com\/1\/wp-json\/wp\/v2\/tags?post=76685"}],"curies":[{"name":"wp","href":"https:\/\/api.w.org\/{rel}","templated":true}]}}