{"id":76707,"date":"2018-12-14T12:49:06","date_gmt":"2018-12-14T15:49:06","guid":{"rendered":"http:\/\/www.caririemacao.com\/1\/?p=76707"},"modified":"2018-12-14T12:49:06","modified_gmt":"2018-12-14T15:49:06","slug":"dermatologista-destaca-fatores-de-risco-que-levam-ao-cancer-de-pele","status":"publish","type":"post","link":"https:\/\/www.caririemacao.com\/1\/2018\/12\/14\/dermatologista-destaca-fatores-de-risco-que-levam-ao-cancer-de-pele\/","title":{"rendered":"Dermatologista destaca fatores de risco que levam ao c\u00e2ncer de pele"},"content":{"rendered":"<p>Um total de 400 pessoas que fizeram consultas m\u00e9dicas nas Unidades de Sa\u00fade da Fam\u00edlia, atrav\u00e9s da campanha &#8220;Dezembro Amarelo&#8221;, e foram diagnosticadas com suspeita de c\u00e2ncer de pele, poder\u00e3o fazer tratamento amanh\u00e3 no mutir\u00e3o do Hospital Napole\u00e3o Laureano, em Jo\u00e3o Pessoa. &#8220;Os selecionados pelos PSF poder\u00e3o se dirigir ao HNL das 8h ao meio-dia, onde ser\u00e3o realizadas cirurgias. J\u00e1 os casos mais graves ser\u00e3o agendados para o m\u00eas de janeiro de 2019,&#8221; afirmou a coordenadora do servi\u00e7o de Dermatologia do HNL, Kamila Magno.<\/p>\n<div class=\"green-area t-left t-cont text-center\">\n<div class=\"anuncio\">\n<div id=\"div-gpt-ad-1493386374551-0\" data-google-query-id=\"CPb54sPVn98CFUdvAQodqVUPRg\">\n<div><\/div>\n<div id=\"google_ads_iframe_\/21685702823\/New_Sec_Conteudo_0__container__\">A dermatologista disse tamb\u00e9m que 22 m\u00e9dicos v\u00e3o participar do mutir\u00e3o de preven\u00e7\u00e3o ao c\u00e2ncer de pele neste s\u00e1bado no hospital. &#8220;No m\u00eas de novembro foram realizados nas Unidades de Sa\u00fade da Fam\u00edlia 1.200 exames e desse total, 400 pessoas que foram diagnosticadas com suspeita da doen\u00e7a, foram selecionadas para comparecerem amanh\u00e3 no Napole\u00e3o Laureano&#8221;.<\/div>\n<\/div>\n<\/div>\n<\/div>\n<p>&nbsp;<\/p>\n<p>Os m\u00e9dicos cl\u00ednicos gerais que realizaram as consultas de triagem nos PSFs passaram por qualifica\u00e7\u00e3o para identificar e prevenir o c\u00e2ncer de pele. O curso contou com a participa\u00e7\u00e3o de aproximadamente 80 m\u00e9dicos da Aten\u00e7\u00e3o B\u00e1sica da rede municipal de sa\u00fade.<\/p>\n<p>&nbsp;<\/p>\n<p><strong>Fatores de risco &#8211;\u00a0<\/strong>Para a dermatologista Kamila Magno, a principal causa da doen\u00e7a \u00e9 a falta de cuidados com a pele. \u201cS\u00e3o fatores de risco a exposi\u00e7\u00e3o \u00e0 radia\u00e7\u00e3o solar sem uso de protetor solar adequado, les\u00f5es escuras na pele, les\u00f5es que sangram com facilidade e n\u00e3o cicatrizam, entre outros\u201d, afirmou. Al\u00e9m da SMS e o Hospital Napole\u00e3o Laureano, a a\u00e7\u00e3o contou com o apoio da Faculdade de Medicina Nova Esperan\u00e7a (Famene).<\/p>\n<p>&nbsp;<\/p>\n<p>Para evitar o c\u00e2ncer de pele, \u00e9 fundamental n\u00e3o ficar diretamente no sol e usar protetor solar, roupa adequada, chap\u00e9u e \u00f3culos escuros. Al\u00e9m disso, \u00e9 importante usar luvas sempre que se utilizar produtos de limpeza, porque podem conter subst\u00e2ncias qu\u00edmicas que irritam a pele, aumentando o risco de c\u00e2ncer.<\/p>\n<p>&nbsp;<\/p>\n","protected":false},"excerpt":{"rendered":"<p>Um total de 400 pessoas que fizeram consultas m\u00e9dicas nas Unidades de Sa\u00fade da Fam\u00edlia, atrav\u00e9s da campanha &#8220;Dezembro Amarelo&#8221;, e foram diagnosticadas com suspeita&hellip; <\/p>\n","protected":false},"author":1,"featured_media":76708,"comment_status":"closed","ping_status":"closed","sticky":false,"template":"","format":"standard","meta":{"sfsi_plus_gutenberg_text_before_share":"","sfsi_plus_gutenberg_show_text_before_share":"","sfsi_plus_gutenberg_icon_type":"","sfsi_plus_gutenberg_icon_alignemt":"","sfsi_plus_gutenburg_max_per_row":"","footnotes":""},"categories":[16],"tags":[],"class_list":["post-76707","post","type-post","status-publish","format-standard","has-post-thumbnail","hentry","category-saude"],"_links":{"self":[{"href":"https:\/\/www.caririemacao.com\/1\/wp-json\/wp\/v2\/posts\/76707","targetHints":{"allow":["GET"]}}],"collection":[{"href":"https:\/\/www.caririemacao.com\/1\/wp-json\/wp\/v2\/posts"}],"about":[{"href":"https:\/\/www.caririemacao.com\/1\/wp-json\/wp\/v2\/types\/post"}],"author":[{"embeddable":true,"href":"https:\/\/www.caririemacao.com\/1\/wp-json\/wp\/v2\/users\/1"}],"replies":[{"embeddable":true,"href":"https:\/\/www.caririemacao.com\/1\/wp-json\/wp\/v2\/comments?post=76707"}],"version-history":[{"count":1,"href":"https:\/\/www.caririemacao.com\/1\/wp-json\/wp\/v2\/posts\/76707\/revisions"}],"predecessor-version":[{"id":76709,"href":"https:\/\/www.caririemacao.com\/1\/wp-json\/wp\/v2\/posts\/76707\/revisions\/76709"}],"wp:featuredmedia":[{"embeddable":true,"href":"https:\/\/www.caririemacao.com\/1\/wp-json\/wp\/v2\/media\/76708"}],"wp:attachment":[{"href":"https:\/\/www.caririemacao.com\/1\/wp-json\/wp\/v2\/media?parent=76707"}],"wp:term":[{"taxonomy":"category","embeddable":true,"href":"https:\/\/www.caririemacao.com\/1\/wp-json\/wp\/v2\/categories?post=76707"},{"taxonomy":"post_tag","embeddable":true,"href":"https:\/\/www.caririemacao.com\/1\/wp-json\/wp\/v2\/tags?post=76707"}],"curies":[{"name":"wp","href":"https:\/\/api.w.org\/{rel}","templated":true}]}}