{"id":76733,"date":"2018-12-15T17:34:59","date_gmt":"2018-12-15T20:34:59","guid":{"rendered":"http:\/\/www.caririemacao.com\/1\/?p=76733"},"modified":"2018-12-15T16:34:06","modified_gmt":"2018-12-15T19:34:06","slug":"prefeito-sandro-moco-recebe-neste-sabado-premio-referencia-2018","status":"publish","type":"post","link":"https:\/\/www.caririemacao.com\/1\/2018\/12\/15\/prefeito-sandro-moco-recebe-neste-sabado-premio-referencia-2018\/","title":{"rendered":"Prefeito Sandro M\u00f4co recebe neste s\u00e1bado Pr\u00eamio Refer\u00eancia 2018"},"content":{"rendered":"<p>O prefeito de Camala\u00fa, Sandro M\u00f4co, recebe neste s\u00e1bado (15\/12) mais homenagem, dessa vez, o Pr\u00eamio Refer\u00eancia 2018, como um dos prefeitos mais bem avaliados da regi\u00e3o do Cariri.<\/p>\n<p>O Pr\u00eamio Refer\u00eancia \u00e9 realizado pelo site Cariri em A\u00e7\u00e3o com pesquisas in loco que foram aplicadas no m\u00eas de outubro em 23 cidades da regi\u00e3o.<\/p>\n<p>Este \u00e9 mais um reconhecimento para um governo que tem mostrado trabalho, boas pr\u00e1ticas na gest\u00e3o p\u00fablica e na aplica\u00e7\u00e3o de recursos p\u00fablicos.<\/p>\n<p>A entrega do Pr\u00eamio Refer\u00eancia 2018 acontece neste s\u00e1bado, a partir das 19h, no Centro Cultural Alexandre de Brito, em Monteiro.<\/p>\n","protected":false},"excerpt":{"rendered":"<p>O prefeito de Camala\u00fa, Sandro M\u00f4co, recebe neste s\u00e1bado (15\/12) mais homenagem, dessa vez, o Pr\u00eamio Refer\u00eancia 2018, como um dos prefeitos mais bem avaliados&hellip; <\/p>\n","protected":false},"author":1,"featured_media":15416,"comment_status":"closed","ping_status":"closed","sticky":false,"template":"","format":"standard","meta":{"sfsi_plus_gutenberg_text_before_share":"","sfsi_plus_gutenberg_show_text_before_share":"","sfsi_plus_gutenberg_icon_type":"","sfsi_plus_gutenberg_icon_alignemt":"","sfsi_plus_gutenburg_max_per_row":"","footnotes":""},"categories":[6],"tags":[],"class_list":["post-76733","post","type-post","status-publish","format-standard","has-post-thumbnail","hentry","category-cidades"],"_links":{"self":[{"href":"https:\/\/www.caririemacao.com\/1\/wp-json\/wp\/v2\/posts\/76733","targetHints":{"allow":["GET"]}}],"collection":[{"href":"https:\/\/www.caririemacao.com\/1\/wp-json\/wp\/v2\/posts"}],"about":[{"href":"https:\/\/www.caririemacao.com\/1\/wp-json\/wp\/v2\/types\/post"}],"author":[{"embeddable":true,"href":"https:\/\/www.caririemacao.com\/1\/wp-json\/wp\/v2\/users\/1"}],"replies":[{"embeddable":true,"href":"https:\/\/www.caririemacao.com\/1\/wp-json\/wp\/v2\/comments?post=76733"}],"version-history":[{"count":1,"href":"https:\/\/www.caririemacao.com\/1\/wp-json\/wp\/v2\/posts\/76733\/revisions"}],"predecessor-version":[{"id":76734,"href":"https:\/\/www.caririemacao.com\/1\/wp-json\/wp\/v2\/posts\/76733\/revisions\/76734"}],"wp:featuredmedia":[{"embeddable":true,"href":"https:\/\/www.caririemacao.com\/1\/wp-json\/wp\/v2\/media\/15416"}],"wp:attachment":[{"href":"https:\/\/www.caririemacao.com\/1\/wp-json\/wp\/v2\/media?parent=76733"}],"wp:term":[{"taxonomy":"category","embeddable":true,"href":"https:\/\/www.caririemacao.com\/1\/wp-json\/wp\/v2\/categories?post=76733"},{"taxonomy":"post_tag","embeddable":true,"href":"https:\/\/www.caririemacao.com\/1\/wp-json\/wp\/v2\/tags?post=76733"}],"curies":[{"name":"wp","href":"https:\/\/api.w.org\/{rel}","templated":true}]}}