{"id":76739,"date":"2018-12-15T16:41:28","date_gmt":"2018-12-15T19:41:28","guid":{"rendered":"http:\/\/www.caririemacao.com\/1\/?p=76739"},"modified":"2018-12-15T16:40:56","modified_gmt":"2018-12-15T19:40:56","slug":"prefeito-jefferson-recebe-neste-sabado-premio-referencia-2018","status":"publish","type":"post","link":"https:\/\/www.caririemacao.com\/1\/2018\/12\/15\/prefeito-jefferson-recebe-neste-sabado-premio-referencia-2018\/","title":{"rendered":"Prefeito Jefferson recebe neste s\u00e1bado Pr\u00eamio Refer\u00eancia 2018"},"content":{"rendered":"<p>O prefeito de S\u00e3o Jos\u00e9 dos Cordeiros, Jefferson, recebe neste s\u00e1bado (15\/12) mais homenagem, dessa vez, o Pr\u00eamio Refer\u00eancia 2018, como um dos prefeitos mais bem avaliados da regi\u00e3o do Cariri.<\/p>\n<p>O Pr\u00eamio Refer\u00eancia \u00e9 realizado pelo site Cariri em A\u00e7\u00e3o com pesquisas in loco que foram aplicadas no m\u00eas de outubro em 23 cidades da regi\u00e3o.<\/p>\n<p>Este \u00e9 mais um reconhecimento para um governo que tem mostrado trabalho, boas pr\u00e1ticas na gest\u00e3o p\u00fablica e na aplica\u00e7\u00e3o de recursos p\u00fablicos.<\/p>\n<p>A entrega do Pr\u00eamio Refer\u00eancia 2018 acontece neste s\u00e1bado, a partir das 19h, no Centro Cultural Alexandre de Brito, em Monteiro.<\/p>\n<p>&nbsp;<\/p>\n","protected":false},"excerpt":{"rendered":"<p>O prefeito de S\u00e3o Jos\u00e9 dos Cordeiros, Jefferson, recebe neste s\u00e1bado (15\/12) mais homenagem, dessa vez, o Pr\u00eamio Refer\u00eancia 2018, como um dos prefeitos mais&hellip; <\/p>\n","protected":false},"author":1,"featured_media":30380,"comment_status":"closed","ping_status":"closed","sticky":false,"template":"","format":"standard","meta":{"sfsi_plus_gutenberg_text_before_share":"","sfsi_plus_gutenberg_show_text_before_share":"","sfsi_plus_gutenberg_icon_type":"","sfsi_plus_gutenberg_icon_alignemt":"","sfsi_plus_gutenburg_max_per_row":"","footnotes":""},"categories":[11],"tags":[],"class_list":["post-76739","post","type-post","status-publish","format-standard","has-post-thumbnail","hentry","category-politica"],"_links":{"self":[{"href":"https:\/\/www.caririemacao.com\/1\/wp-json\/wp\/v2\/posts\/76739","targetHints":{"allow":["GET"]}}],"collection":[{"href":"https:\/\/www.caririemacao.com\/1\/wp-json\/wp\/v2\/posts"}],"about":[{"href":"https:\/\/www.caririemacao.com\/1\/wp-json\/wp\/v2\/types\/post"}],"author":[{"embeddable":true,"href":"https:\/\/www.caririemacao.com\/1\/wp-json\/wp\/v2\/users\/1"}],"replies":[{"embeddable":true,"href":"https:\/\/www.caririemacao.com\/1\/wp-json\/wp\/v2\/comments?post=76739"}],"version-history":[{"count":1,"href":"https:\/\/www.caririemacao.com\/1\/wp-json\/wp\/v2\/posts\/76739\/revisions"}],"predecessor-version":[{"id":76748,"href":"https:\/\/www.caririemacao.com\/1\/wp-json\/wp\/v2\/posts\/76739\/revisions\/76748"}],"wp:featuredmedia":[{"embeddable":true,"href":"https:\/\/www.caririemacao.com\/1\/wp-json\/wp\/v2\/media\/30380"}],"wp:attachment":[{"href":"https:\/\/www.caririemacao.com\/1\/wp-json\/wp\/v2\/media?parent=76739"}],"wp:term":[{"taxonomy":"category","embeddable":true,"href":"https:\/\/www.caririemacao.com\/1\/wp-json\/wp\/v2\/categories?post=76739"},{"taxonomy":"post_tag","embeddable":true,"href":"https:\/\/www.caririemacao.com\/1\/wp-json\/wp\/v2\/tags?post=76739"}],"curies":[{"name":"wp","href":"https:\/\/api.w.org\/{rel}","templated":true}]}}