{"id":76782,"date":"2018-12-14T16:00:46","date_gmt":"2018-12-14T19:00:46","guid":{"rendered":"http:\/\/www.caririemacao.com\/1\/?p=76782"},"modified":"2018-12-14T16:00:46","modified_gmt":"2018-12-14T19:00:46","slug":"a-radio-caraubas-fm-recebe-neste-sabado-premio-referencia-2018","status":"publish","type":"post","link":"https:\/\/www.caririemacao.com\/1\/2018\/12\/14\/a-radio-caraubas-fm-recebe-neste-sabado-premio-referencia-2018\/","title":{"rendered":"A R\u00e1dio Cara\u00fabas FM recebe neste s\u00e1bado Pr\u00eamio Refer\u00eancia 2018"},"content":{"rendered":"<p>A R\u00e1dio Cara\u00fabas FM, recebe neste s\u00e1bado (15\/12) mais homenagem, dessa vez do Pr\u00eamio Refer\u00eancia 2018,<\/p>\n<p>O Pr\u00eamio Refer\u00eancia \u00e9 realizado pelo site Cariri em A\u00e7\u00e3o com pesquisas in loco que foram aplicadas no m\u00eas de outubro em 23 cidades da regi\u00e3o.<\/p>\n<p>A entrega do Pr\u00eamio Refer\u00eancia 2018 acontece neste s\u00e1bado, a partir das 19h, no Centro Cultural Alexandre de Brito, em Monteiro.<\/p>\n","protected":false},"excerpt":{"rendered":"<p>A R\u00e1dio Cara\u00fabas FM, recebe neste s\u00e1bado (15\/12) mais homenagem, dessa vez do Pr\u00eamio Refer\u00eancia 2018, O Pr\u00eamio Refer\u00eancia \u00e9 realizado pelo site Cariri em&hellip; <\/p>\n","protected":false},"author":1,"featured_media":76783,"comment_status":"closed","ping_status":"closed","sticky":false,"template":"","format":"standard","meta":{"sfsi_plus_gutenberg_text_before_share":"","sfsi_plus_gutenberg_show_text_before_share":"","sfsi_plus_gutenberg_icon_type":"","sfsi_plus_gutenberg_icon_alignemt":"","sfsi_plus_gutenburg_max_per_row":"","footnotes":""},"categories":[2],"tags":[],"class_list":["post-76782","post","type-post","status-publish","format-standard","has-post-thumbnail","hentry","category-geral"],"_links":{"self":[{"href":"https:\/\/www.caririemacao.com\/1\/wp-json\/wp\/v2\/posts\/76782","targetHints":{"allow":["GET"]}}],"collection":[{"href":"https:\/\/www.caririemacao.com\/1\/wp-json\/wp\/v2\/posts"}],"about":[{"href":"https:\/\/www.caririemacao.com\/1\/wp-json\/wp\/v2\/types\/post"}],"author":[{"embeddable":true,"href":"https:\/\/www.caririemacao.com\/1\/wp-json\/wp\/v2\/users\/1"}],"replies":[{"embeddable":true,"href":"https:\/\/www.caririemacao.com\/1\/wp-json\/wp\/v2\/comments?post=76782"}],"version-history":[{"count":1,"href":"https:\/\/www.caririemacao.com\/1\/wp-json\/wp\/v2\/posts\/76782\/revisions"}],"predecessor-version":[{"id":76784,"href":"https:\/\/www.caririemacao.com\/1\/wp-json\/wp\/v2\/posts\/76782\/revisions\/76784"}],"wp:featuredmedia":[{"embeddable":true,"href":"https:\/\/www.caririemacao.com\/1\/wp-json\/wp\/v2\/media\/76783"}],"wp:attachment":[{"href":"https:\/\/www.caririemacao.com\/1\/wp-json\/wp\/v2\/media?parent=76782"}],"wp:term":[{"taxonomy":"category","embeddable":true,"href":"https:\/\/www.caririemacao.com\/1\/wp-json\/wp\/v2\/categories?post=76782"},{"taxonomy":"post_tag","embeddable":true,"href":"https:\/\/www.caririemacao.com\/1\/wp-json\/wp\/v2\/tags?post=76782"}],"curies":[{"name":"wp","href":"https:\/\/api.w.org\/{rel}","templated":true}]}}