{"id":76786,"date":"2018-12-14T16:10:25","date_gmt":"2018-12-14T19:10:25","guid":{"rendered":"http:\/\/www.caririemacao.com\/1\/?p=76786"},"modified":"2018-12-14T16:10:25","modified_gmt":"2018-12-14T19:10:25","slug":"mais-medicos-adia-em-4-dias-prazo-para-inscritos-assumirem-vagas","status":"publish","type":"post","link":"https:\/\/www.caririemacao.com\/1\/2018\/12\/14\/mais-medicos-adia-em-4-dias-prazo-para-inscritos-assumirem-vagas\/","title":{"rendered":"Mais M\u00e9dicos adia em 4 dias prazo para inscritos assumirem vagas"},"content":{"rendered":"<div class=\"noticiacorpo\">\n<p>O Minist\u00e9rio da Sa\u00fade alterou para a pr\u00f3xima ter\u00e7a-feira (18) a data final para que os m\u00e9dicos com registro no Brasil se apresentem nas cidades selecionadas para assumir as vagas deixadas por cubanos no Mais M\u00e9dicos. O come\u00e7o da atua\u00e7\u00e3o desses m\u00e9dicos ser\u00e1 estabelecido pelos gestores nos munic\u00edpios.<\/p>\n<p>O \u00faltimo balan\u00e7o da pasta aponta que\u00a05.352 m\u00e9dicos j\u00e1 compareceram ou iniciaram as atividades nos postos de atendimento. O n\u00famero representa\u00a064% das\u00a0vagas que tiveram profissionais alocados no edital aberto para m\u00e9dicos com registro no Brasil.\u00a0Segundo a pasta, o programa recebeu 36.490 inscri\u00e7\u00f5es, preenchendo 98,7% (8.411 profissionais alocados) das 8.517 vagas disponibilizadas.<\/p>\n<p>A pasta tamb\u00e9m\u00a0<strong>prorrogou para o pr\u00f3ximo domingo (16) o prazo de inscri\u00e7\u00f5es de brasileiros e estrangeiros formados no exterior que n\u00e3o possuem registro no Brasil<\/strong>\u00a0para participa\u00e7\u00e3o no Mais M\u00e9dicos. De acordo com o Minist\u00e9rio da Sa\u00fade, a medida foi tomada devido \u00e0 instabilidade do site do programa causada pelo grande n\u00famero de acessos, o que pode ter ocasionado dificuldades no momento da inscri\u00e7\u00e3o.<\/p>\n<p>At\u00e9 esta quinta-feira (13), 6.634 m\u00e9dicos brasileiros ou estrangeiros formados no exterior completaram a inscri\u00e7\u00e3o de participa\u00e7\u00e3o no programa do governo federal.\u00a0Esses profissionais, assim como aqueles que vieram de Cuba, est\u00e3o dispensados de prestar o Revalida, o exame nacional que ratifica o diploma de m\u00e9dicos.<\/p>\n<div id=\"_dynad_c_I5550002145_1544802074368541683387\"><iframe id=\"IF5550002145_1544802074368541683387\" data-src=\"https:\/\/s.dynad.net\/stack\/xbf8lsp9cn_x5O7F-CC5j-nSziI9Mzb4Fd0pMgfVjODDVKbQ_tcj7XAQPsWhT1lh.html\" name=\"I5550002145_1544802074368541683387\" width=\"100%\" height=\"0\" frameborder=\"0\" marginwidth=\"0\" marginheight=\"0\" scrolling=\"No\" align=\"top\" data-mce-fragment=\"1\" src=\"data:image\/svg+xml;base64,PHN2ZyB3aWR0aD0iMSIgaGVpZ2h0PSIxIiB4bWxucz0iaHR0cDovL3d3dy53My5vcmcvMjAwMC9zdmciPjwvc3ZnPg==\" class=\"lazyload\" data-load-mode=\"1\"><\/iframe><\/div>\n<p>O m\u00e9dico que iniciar o processo de inscri\u00e7\u00e3o tem at\u00e9 24 horas para finalizar o envio da documenta\u00e7\u00e3o. &#8220;Ao todo, s\u00e3o 17 documentos, entre eles, o reconhecimento da institui\u00e7\u00e3o de ensino pela representa\u00e7\u00e3o do pa\u00eds onde os profissionais obtiveram a forma\u00e7\u00e3o&#8221;, diz o Minist\u00e9rio da Sa\u00fade.<\/p>\n<p>Quem aceitar a vaga receber\u00e1 uma bolsa de R$ 11,8 mil. Para alguns munic\u00edpios, o governo tamb\u00e9m oferece aux\u00edlio-moradia.<\/p>\n<h3>Veja como fica o novo cronograma:<\/h3>\n<p><strong>At\u00e9 16 de dezembro\u00a0<\/strong>&#8211; Inscri\u00e7\u00e3o dos m\u00e9dicos brasileiros e estrangeiros formados no exterior<\/p>\n<p><strong>At\u00e9 18 de dezembro<\/strong>\u00a0&#8211; Apresenta\u00e7\u00e3o dos m\u00e9dicos com CRM Brasil nos munic\u00edpios<\/p>\n<p><strong>De 20 de dezembro a 21 de dezembro\u00a0<\/strong>&#8211; M\u00e9dicos CRM Brasil escolhem munic\u00edpios com vagas dispon\u00edveis<\/p>\n<p><strong>De 27 de dezembro a 28 de dezembro\u00a0<\/strong>&#8211; M\u00e9dicos brasileiros formados no exterior escolhem munic\u00edpios com vagas dispon\u00edveis<\/p>\n<p><strong>De 3 de janeiro a 4 de janeiro de 2019\u00a0<\/strong>&#8211; M\u00e9dicos estrangeiros formados no exterior escolhem munic\u00edpios com vagas dispon\u00edveis<\/p>\n<\/div>\n<p class=\"noticia_fonte\">UOL<\/p>\n","protected":false},"excerpt":{"rendered":"<p>O Minist\u00e9rio da Sa\u00fade alterou para a pr\u00f3xima ter\u00e7a-feira (18) a data final para que os m\u00e9dicos com registro no Brasil se apresentem nas cidades&hellip; <\/p>\n","protected":false},"author":1,"featured_media":73019,"comment_status":"closed","ping_status":"closed","sticky":false,"template":"","format":"standard","meta":{"sfsi_plus_gutenberg_text_before_share":"","sfsi_plus_gutenberg_show_text_before_share":"","sfsi_plus_gutenberg_icon_type":"","sfsi_plus_gutenberg_icon_alignemt":"","sfsi_plus_gutenburg_max_per_row":"","footnotes":""},"categories":[16],"tags":[],"class_list":["post-76786","post","type-post","status-publish","format-standard","has-post-thumbnail","hentry","category-saude"],"_links":{"self":[{"href":"https:\/\/www.caririemacao.com\/1\/wp-json\/wp\/v2\/posts\/76786","targetHints":{"allow":["GET"]}}],"collection":[{"href":"https:\/\/www.caririemacao.com\/1\/wp-json\/wp\/v2\/posts"}],"about":[{"href":"https:\/\/www.caririemacao.com\/1\/wp-json\/wp\/v2\/types\/post"}],"author":[{"embeddable":true,"href":"https:\/\/www.caririemacao.com\/1\/wp-json\/wp\/v2\/users\/1"}],"replies":[{"embeddable":true,"href":"https:\/\/www.caririemacao.com\/1\/wp-json\/wp\/v2\/comments?post=76786"}],"version-history":[{"count":1,"href":"https:\/\/www.caririemacao.com\/1\/wp-json\/wp\/v2\/posts\/76786\/revisions"}],"predecessor-version":[{"id":76807,"href":"https:\/\/www.caririemacao.com\/1\/wp-json\/wp\/v2\/posts\/76786\/revisions\/76807"}],"wp:featuredmedia":[{"embeddable":true,"href":"https:\/\/www.caririemacao.com\/1\/wp-json\/wp\/v2\/media\/73019"}],"wp:attachment":[{"href":"https:\/\/www.caririemacao.com\/1\/wp-json\/wp\/v2\/media?parent=76786"}],"wp:term":[{"taxonomy":"category","embeddable":true,"href":"https:\/\/www.caririemacao.com\/1\/wp-json\/wp\/v2\/categories?post=76786"},{"taxonomy":"post_tag","embeddable":true,"href":"https:\/\/www.caririemacao.com\/1\/wp-json\/wp\/v2\/tags?post=76786"}],"curies":[{"name":"wp","href":"https:\/\/api.w.org\/{rel}","templated":true}]}}