{"id":76853,"date":"2018-12-14T17:30:19","date_gmt":"2018-12-14T20:30:19","guid":{"rendered":"http:\/\/www.caririemacao.com\/1\/?p=76853"},"modified":"2018-12-14T17:30:19","modified_gmt":"2018-12-14T20:30:19","slug":"centro-de-reabilitacao-de-monteiro-recebe-premio-de-excelencia-de-prestacao-de-servico","status":"publish","type":"post","link":"https:\/\/www.caririemacao.com\/1\/2018\/12\/14\/centro-de-reabilitacao-de-monteiro-recebe-premio-de-excelencia-de-prestacao-de-servico\/","title":{"rendered":"Centro de Reabilita\u00e7\u00e3o de Monteiro recebe pr\u00eamio de excel\u00eancia de presta\u00e7\u00e3o de servi\u00e7o"},"content":{"rendered":"<p>O Minist\u00e9rio da Sa\u00fade presenteou o Centro de Reabilita\u00e7\u00e3o da cidade de Monteiro com um ve\u00edculo que passar\u00e1 a fazer o transporte dos usu\u00e1rios do servi\u00e7o que possuem dificuldades de locomo\u00e7\u00e3o.<\/p>\n<p>A oferta do ve\u00edculo que tem um custo de R$240 mil reais se deu atrav\u00e9s da avalia\u00e7\u00e3o do Centro Especializado que recebeu os melhores conceitos nos quesitos de organiza\u00e7\u00e3o, qualidade e n\u00famero de atendimento assim como no crit\u00e9rio de estrutura.<\/p>\n<p>Com apenas pouco mais de um ano de atendimento, o CER II da cidade de Monteiro \u00e9 refer\u00eancia no estado da Para\u00edba realizando mensalmente um n\u00famero aproximado de 1.500 atendimentos, sendo 700 pacientes com tratamento permanente.<\/p>\n<p>Os servi\u00e7os oferecidos pelo Centro de Reabilita\u00e7\u00e3o incluem m\u00e9dicos psiquiatras, neurologista, ortopedista, psic\u00f3logos, fonoaudi\u00f3logos, terapeutas ocupacionais, assistentes sociais e enfermagem, que atendem a regi\u00e3o do Cariri.<\/p>\n<p>Para a diretora do Centro Ana N\u00f3brega, a premia\u00e7\u00e3o vai ser de imensur\u00e1vel ajuda nos servi\u00e7os, tendo em vista que alguns pacientes do servi\u00e7o t\u00eam dificuldade de locomo\u00e7\u00e3o.<\/p>\n<p><img fetchpriority=\"high\" decoding=\"async\" class=\"size-medium wp-image-29740 alignleft\" src=\"http:\/\/www.vitrinedocariri.com.br\/wp-content\/uploads\/2018\/12\/Carro-CER-II-004-300x225.jpg\" alt=\"\" width=\"300\" height=\"225\" \/>\u201cTemos um atendimento diferenciado aqui que \u00e9 baseado principalmente na excel\u00eancia do atendimento onde oferecemos uma aten\u00e7\u00e3o diferenciada e todos os profissionais atendem com muito carinho e isso \u00e9 percept\u00edvel com o retorno que os pacientes nos d\u00e3o. Este \u00e9 mais um motivo de orgulho para n\u00f3s\u201d disse Ana N\u00f3brega.<\/p>\n<p>A prefeita Anna Lorena juntamente com a secret\u00e1ria de sa\u00fade Paula Oliveira, comemoram este reconhecimento e informam que o ve\u00edculo j\u00e1 est\u00e1 a disposi\u00e7\u00e3o do Centro de Reabilita\u00e7\u00e3o Stella Batista da Silva Farias.<\/p>\n<p>Ascom<\/p>\n","protected":false},"excerpt":{"rendered":"<p>O Minist\u00e9rio da Sa\u00fade presenteou o Centro de Reabilita\u00e7\u00e3o da cidade de Monteiro com um ve\u00edculo que passar\u00e1 a fazer o transporte dos usu\u00e1rios do&hellip; <\/p>\n","protected":false},"author":1,"featured_media":76854,"comment_status":"closed","ping_status":"closed","sticky":false,"template":"","format":"standard","meta":{"sfsi_plus_gutenberg_text_before_share":"","sfsi_plus_gutenberg_show_text_before_share":"","sfsi_plus_gutenberg_icon_type":"","sfsi_plus_gutenberg_icon_alignemt":"","sfsi_plus_gutenburg_max_per_row":"","footnotes":""},"categories":[6],"tags":[],"class_list":["post-76853","post","type-post","status-publish","format-standard","has-post-thumbnail","hentry","category-cidades"],"_links":{"self":[{"href":"https:\/\/www.caririemacao.com\/1\/wp-json\/wp\/v2\/posts\/76853","targetHints":{"allow":["GET"]}}],"collection":[{"href":"https:\/\/www.caririemacao.com\/1\/wp-json\/wp\/v2\/posts"}],"about":[{"href":"https:\/\/www.caririemacao.com\/1\/wp-json\/wp\/v2\/types\/post"}],"author":[{"embeddable":true,"href":"https:\/\/www.caririemacao.com\/1\/wp-json\/wp\/v2\/users\/1"}],"replies":[{"embeddable":true,"href":"https:\/\/www.caririemacao.com\/1\/wp-json\/wp\/v2\/comments?post=76853"}],"version-history":[{"count":1,"href":"https:\/\/www.caririemacao.com\/1\/wp-json\/wp\/v2\/posts\/76853\/revisions"}],"predecessor-version":[{"id":76855,"href":"https:\/\/www.caririemacao.com\/1\/wp-json\/wp\/v2\/posts\/76853\/revisions\/76855"}],"wp:featuredmedia":[{"embeddable":true,"href":"https:\/\/www.caririemacao.com\/1\/wp-json\/wp\/v2\/media\/76854"}],"wp:attachment":[{"href":"https:\/\/www.caririemacao.com\/1\/wp-json\/wp\/v2\/media?parent=76853"}],"wp:term":[{"taxonomy":"category","embeddable":true,"href":"https:\/\/www.caririemacao.com\/1\/wp-json\/wp\/v2\/categories?post=76853"},{"taxonomy":"post_tag","embeddable":true,"href":"https:\/\/www.caririemacao.com\/1\/wp-json\/wp\/v2\/tags?post=76853"}],"curies":[{"name":"wp","href":"https:\/\/api.w.org\/{rel}","templated":true}]}}