{"id":76883,"date":"2018-12-14T19:00:32","date_gmt":"2018-12-14T22:00:32","guid":{"rendered":"http:\/\/www.caririemacao.com\/1\/?p=76883"},"modified":"2018-12-14T19:00:32","modified_gmt":"2018-12-14T22:00:32","slug":"ministro-homologa-base-curricular-do-ensino-medio-divulgada-uma-hora-antes","status":"publish","type":"post","link":"https:\/\/www.caririemacao.com\/1\/2018\/12\/14\/ministro-homologa-base-curricular-do-ensino-medio-divulgada-uma-hora-antes\/","title":{"rendered":"Ministro homologa base curricular do ensino m\u00e9dio divulgada uma hora antes"},"content":{"rendered":"<p>O ministro da Educa\u00e7\u00e3o, Rossieli Soares, homologou nesta sexta-feira (14) a parte referente ao ensino m\u00e9dio da Base Nacional Comum Curricular.<\/p>\n<p>Embora a vers\u00e3o final tenha sido aprovada pelo CNE (Conselho Nacional de Educa\u00e7\u00e3o) na semana passada, o texto oficial s\u00f3 foi divulgado no site do MEC \u00e0s 14h, uma hora antes do in\u00edcio da cerim\u00f4nia.<\/p>\n<p>A homologa\u00e7\u00e3o oficializa a validade do documento orientar\u00e1 o que ser\u00e1 estudado nas escolas p\u00fablicas e particulares.<\/p>\n<p>As redes estaduais de ensino e unidades privadas devem construir seus curr\u00edculos \u00e0 luz da base.<\/p>\n<p>\u00c9 esperado que o Enem, que seleciona alunos para praticamente todas as universidades federais, seja reformulado. A ideia \u00e9 que o exame cobre os conte\u00fados previstos pela Base.<\/p>\n<p>Essa oficializa\u00e7\u00e3o permite ainda que a reforma do ensino m\u00e9dio saia do papel. A reforma, que flexibiliza o curr\u00edculo, tem dois anos a partir de agora para ser implementada em todo pa\u00eds.<\/p>\n<p>Ela \u00e9 uma das bandeiras do governo Michel Temer (MDB). A gest\u00e3o atual acelerou o tr\u00e2mite da base para que o texto fosse homologado ainda neste ano.<\/p>\n<p>Com a reforma, parte da grade dos alunos de ensino m\u00e9dio ser\u00e1 organizada a partir da base.<\/p>\n<p>O restante ser\u00e1 escolhido pelos alunos entre cinco \u00e1reas, se houver oferta: linguagens, matem\u00e1tica, ci\u00eancias humanas, ci\u00eancias da natureza e ensino t\u00e9cnico.<br \/>\nEssas \u00e1reas s\u00e3o chamadas de itiner\u00e1rios.<\/p>\n<p>A base n\u00e3o traz detalhes sobre os itiner\u00e1rios, mas o MEC promete preparar ainda neste ano um documento a parte sobre essa parte para orientar os estados.<\/p>\n<p>Ainda n\u00e3o h\u00e1 detalhes sobre como a equipe do presidente eleito, Jair Bolsonaro (PSL), vai lidar com o tema. No programa de governo apresentado nas elei\u00e7\u00f5es, Bolsonaro promete mudar o texto.<\/p>\n<p>O ministro da Educa\u00e7\u00e3o fez men\u00e7\u00e3o ao novo governo e disse esperar que as discuss\u00f5es sejam mantidas.<\/p>\n<p>\u201cEst\u00e1 na hora de a gente olhar para o que interessa, que \u00e9 crian\u00e7a na escola aprendendo. Tenho confian\u00e7a de que o futuro governo vai trabalhar assim\u201d, disse. \u201cN\u00e3o tem outra ideologia se n\u00e3o a de ter crian\u00e7a na escola\u201d.<\/p>\n<p>O ensino m\u00e9dio \u00e9 considerado um dos maiores gargalos da educa\u00e7\u00e3o b\u00e1sica. Mesmo os estados com os melhores indicadores na etapa se posicionam em patamares baixos.<\/p>\n<p>A exist\u00eancia de uma base curricular \u00e9 apontada por especialistas como uma ferramenta essencial para a melhoria da Educa\u00e7\u00e3o.<\/p>\n<p>Mesmo entre membros do MEC e do CNE o texto aprovado n\u00e3o foi considerado ideal.<\/p>\n<p>A vers\u00e3o final da base do ensino m\u00e9dio, ainda n\u00e3o publicada oficialmente, s\u00f3 traz detalhamento de habilidades em portugu\u00eas e matem\u00e1tica.<\/p>\n<p>As \u00e1reas de ci\u00eancias da natureza e ci\u00eancias humanas s\u00f3 s\u00e3o contempladas com a descri\u00e7\u00e3o de compet\u00eancias gerais. N\u00e3o h\u00e1 refer\u00eancia a disciplinas na base.<\/p>\n<p>HIST\u00d3RICO<br \/>\nO governo Temer decidiu em julho de 2016 fatiar a Base Nacional Comum Curricular e adiar a entrega da parte que define o que ser\u00e1 estudado no ensino m\u00e9dio.<\/p>\n<p>Isso foi feito para esperar a aprova\u00e7\u00e3o no Congresso de uma legisla\u00e7\u00e3o que reorganizou a forma de organiza\u00e7\u00e3o desta etapa.<\/p>\n<p>No in\u00edcio de 2017, a reforma do ensino m\u00e9dio foi aprovada por medida provis\u00f3ria, um instrumento que acelera o tr\u00e2mite legislativo. Essa estrat\u00e9gia foi criticada por educadores por limitar o debate.<\/p>\n<p>A base referente \u00e0 educa\u00e7\u00e3o infantil e ensino fundamental foi aprovada em dezembro de 2017 e j\u00e1 est\u00e1 em implementa\u00e7\u00e3o em estados e munic\u00edpios.<\/p>\n<p>O MEC reescreveu internamente o texto e encaminhou em abril deste ano para o CNE a vers\u00e3o que seria a final. Essa parte da base foi duramente criticada por ser considerada gen\u00e9rica.<\/p>\n<p>Duas das cinco audi\u00eancias p\u00fablicas realizadas pelo CNE desde ent\u00e3o foram suspensas por conta de manifesta\u00e7\u00f5es de estudantes e professores ligados a sindicatos.<\/p>\n<p>Mesmo assim o governo manteve o calend\u00e1rio e afirma ter realizado 4 mil altera\u00e7\u00f5es no texto.<\/p>\n<p>\u201cEssa base n\u00e3o \u00e9 desse governo e dessa gest\u00e3o. Ela virou uma pol\u00edtica de estado, temos que comemorar\u201d, disse a secretaria de Educa\u00e7\u00e3o B\u00e1sica do MEC, K\u00e1tia Smole.<\/p>\n<p>Al\u00e9m da base, o MEC finalizou um guia de implanta\u00e7\u00e3o para o Estados. As redes ligadas ao governo concentram mais de 80% dos alunos de ensino m\u00e9dio do pa\u00eds.<\/p>\n<p>&nbsp;<\/p>\n<p>Folha Press<\/p>\n","protected":false},"excerpt":{"rendered":"<p>O ministro da Educa\u00e7\u00e3o, Rossieli Soares, homologou nesta sexta-feira (14) a parte referente ao ensino m\u00e9dio da Base Nacional Comum Curricular. Embora a vers\u00e3o final&hellip; <\/p>\n","protected":false},"author":1,"featured_media":76884,"comment_status":"closed","ping_status":"closed","sticky":false,"template":"","format":"standard","meta":{"sfsi_plus_gutenberg_text_before_share":"","sfsi_plus_gutenberg_show_text_before_share":"","sfsi_plus_gutenberg_icon_type":"","sfsi_plus_gutenberg_icon_alignemt":"","sfsi_plus_gutenburg_max_per_row":"","footnotes":""},"categories":[14],"tags":[],"class_list":["post-76883","post","type-post","status-publish","format-standard","has-post-thumbnail","hentry","category-educacao"],"_links":{"self":[{"href":"https:\/\/www.caririemacao.com\/1\/wp-json\/wp\/v2\/posts\/76883","targetHints":{"allow":["GET"]}}],"collection":[{"href":"https:\/\/www.caririemacao.com\/1\/wp-json\/wp\/v2\/posts"}],"about":[{"href":"https:\/\/www.caririemacao.com\/1\/wp-json\/wp\/v2\/types\/post"}],"author":[{"embeddable":true,"href":"https:\/\/www.caririemacao.com\/1\/wp-json\/wp\/v2\/users\/1"}],"replies":[{"embeddable":true,"href":"https:\/\/www.caririemacao.com\/1\/wp-json\/wp\/v2\/comments?post=76883"}],"version-history":[{"count":1,"href":"https:\/\/www.caririemacao.com\/1\/wp-json\/wp\/v2\/posts\/76883\/revisions"}],"predecessor-version":[{"id":76885,"href":"https:\/\/www.caririemacao.com\/1\/wp-json\/wp\/v2\/posts\/76883\/revisions\/76885"}],"wp:featuredmedia":[{"embeddable":true,"href":"https:\/\/www.caririemacao.com\/1\/wp-json\/wp\/v2\/media\/76884"}],"wp:attachment":[{"href":"https:\/\/www.caririemacao.com\/1\/wp-json\/wp\/v2\/media?parent=76883"}],"wp:term":[{"taxonomy":"category","embeddable":true,"href":"https:\/\/www.caririemacao.com\/1\/wp-json\/wp\/v2\/categories?post=76883"},{"taxonomy":"post_tag","embeddable":true,"href":"https:\/\/www.caririemacao.com\/1\/wp-json\/wp\/v2\/tags?post=76883"}],"curies":[{"name":"wp","href":"https:\/\/api.w.org\/{rel}","templated":true}]}}