{"id":76887,"date":"2018-12-14T19:06:19","date_gmt":"2018-12-14T22:06:19","guid":{"rendered":"http:\/\/www.caririemacao.com\/1\/?p=76887"},"modified":"2018-12-14T19:06:19","modified_gmt":"2018-12-14T22:06:19","slug":"uepb-divulga-edital-para-selecao-de-mestrado","status":"publish","type":"post","link":"https:\/\/www.caririemacao.com\/1\/2018\/12\/14\/uepb-divulga-edital-para-selecao-de-mestrado\/","title":{"rendered":"UEPB divulga edital para sele\u00e7\u00e3o de mestrado"},"content":{"rendered":"<p>A Coordena\u00e7\u00e3o do Programa de P\u00f3s-Gradua\u00e7\u00e3o em Rela\u00e7\u00f5es Internacionais (PPGRI) da Universidade Estadual da Para\u00edba (UEPB) divulgou o edital da sele\u00e7\u00e3o para o preenchimento de 20 vagas da Turma 2019 do Mestrado. As inscri\u00e7\u00f5es ser\u00e3o realizadas de 17 de dezembro a 1\u00ba de fevereiro de 2019, na p\u00e1gina do Sistema de Controle Acad\u00eamico da P\u00f3s-Gradua\u00e7\u00e3o da UEPB.<\/p>\n<p>Constituem etapas da sele\u00e7\u00e3o uma prova escrita sobre Teoria das Rela\u00e7\u00f5es Internacionais, a ser realizada no dia 11 de fevereiro de 2019; entrevista e an\u00e1lise do projeto de pesquisa, prevista para ser realizada nos dias 18 e 19 de fevereiro; al\u00e9m de prova de ingl\u00eas e tradu\u00e7\u00e3o de texto, no dia 22 de fevereiro. Todas essas etapas t\u00eam car\u00e1ter eliminat\u00f3rio. O resultado final da sele\u00e7\u00e3o est\u00e1 previsto para ser divulgado no dia 26 de fevereiro.<\/p>\n<p>O PPGRI \u00e9 o primeiro Programa de P\u00f3s-Gradua\u00e7\u00e3o em Rela\u00e7\u00f5es Internacionais das regi\u00f5es Norte e Nordeste, com Conceito 4 na avalia\u00e7\u00e3o Coordena\u00e7\u00e3o de Aperfei\u00e7oamento de Pessoal em N\u00edvel Superior (Capes). Possui \u00e1rea de concentra\u00e7\u00e3o em Pol\u00edtica Internacional, com as seguintes linhas de pesquisa: \u201cCoopera\u00e7\u00e3o, Integra\u00e7\u00e3o e Institui\u00e7\u00f5es Internacionais\u201d e \u201cPol\u00edtica Externa e Seguran\u00e7a Internacional\u201d.<\/p>\n<p><strong>MaisPB<\/strong><\/p>\n","protected":false},"excerpt":{"rendered":"<p>A Coordena\u00e7\u00e3o do Programa de P\u00f3s-Gradua\u00e7\u00e3o em Rela\u00e7\u00f5es Internacionais (PPGRI) da Universidade Estadual da Para\u00edba (UEPB) divulgou o edital da sele\u00e7\u00e3o para o preenchimento de&hellip; <\/p>\n","protected":false},"author":1,"featured_media":40472,"comment_status":"closed","ping_status":"closed","sticky":false,"template":"","format":"standard","meta":{"sfsi_plus_gutenberg_text_before_share":"","sfsi_plus_gutenberg_show_text_before_share":"","sfsi_plus_gutenberg_icon_type":"","sfsi_plus_gutenberg_icon_alignemt":"","sfsi_plus_gutenburg_max_per_row":"","footnotes":""},"categories":[50,14],"tags":[],"class_list":["post-76887","post","type-post","status-publish","format-standard","has-post-thumbnail","hentry","category-destaque","category-educacao"],"_links":{"self":[{"href":"https:\/\/www.caririemacao.com\/1\/wp-json\/wp\/v2\/posts\/76887","targetHints":{"allow":["GET"]}}],"collection":[{"href":"https:\/\/www.caririemacao.com\/1\/wp-json\/wp\/v2\/posts"}],"about":[{"href":"https:\/\/www.caririemacao.com\/1\/wp-json\/wp\/v2\/types\/post"}],"author":[{"embeddable":true,"href":"https:\/\/www.caririemacao.com\/1\/wp-json\/wp\/v2\/users\/1"}],"replies":[{"embeddable":true,"href":"https:\/\/www.caririemacao.com\/1\/wp-json\/wp\/v2\/comments?post=76887"}],"version-history":[{"count":1,"href":"https:\/\/www.caririemacao.com\/1\/wp-json\/wp\/v2\/posts\/76887\/revisions"}],"predecessor-version":[{"id":76888,"href":"https:\/\/www.caririemacao.com\/1\/wp-json\/wp\/v2\/posts\/76887\/revisions\/76888"}],"wp:featuredmedia":[{"embeddable":true,"href":"https:\/\/www.caririemacao.com\/1\/wp-json\/wp\/v2\/media\/40472"}],"wp:attachment":[{"href":"https:\/\/www.caririemacao.com\/1\/wp-json\/wp\/v2\/media?parent=76887"}],"wp:term":[{"taxonomy":"category","embeddable":true,"href":"https:\/\/www.caririemacao.com\/1\/wp-json\/wp\/v2\/categories?post=76887"},{"taxonomy":"post_tag","embeddable":true,"href":"https:\/\/www.caririemacao.com\/1\/wp-json\/wp\/v2\/tags?post=76887"}],"curies":[{"name":"wp","href":"https:\/\/api.w.org\/{rel}","templated":true}]}}