{"id":76896,"date":"2018-12-14T21:16:14","date_gmt":"2018-12-15T00:16:14","guid":{"rendered":"http:\/\/www.caririemacao.com\/1\/?p=76896"},"modified":"2018-12-14T21:16:14","modified_gmt":"2018-12-15T00:16:14","slug":"ministerio-publico-federal-entra-com-acao-para-anular-concurso-de-professor-da-ufpb","status":"publish","type":"post","link":"https:\/\/www.caririemacao.com\/1\/2018\/12\/14\/ministerio-publico-federal-entra-com-acao-para-anular-concurso-de-professor-da-ufpb\/","title":{"rendered":"Minist\u00e9rio P\u00fablico Federal entra com a\u00e7\u00e3o para anular concurso de professor da UFPB"},"content":{"rendered":"<p>O Minist\u00e9rio P\u00fablico Federal (MPF) em Jo\u00e3o Pessoa ajuizou a\u00e7\u00e3o civil p\u00fablica pedindo a anula\u00e7\u00e3o do concurso de provas e t\u00edtulos para professor do magist\u00e9rio superior do Departamento de Gest\u00e3o P\u00fablica do Centro de Ci\u00eancias Sociais Aplicadas (CCSA) da Universidade Federal da Para\u00edba (UFPB), na \u00e1rea de Economia.<\/p>\n<p>O MPF quer ainda a suspens\u00e3o dos atos decorrentes do processo seletivo, em virtude de ofensa aos princ\u00edpios da Administra\u00e7\u00e3o P\u00fablica, especialmente ao da impessoalidade (igualdade e legalidade) e ao do concurso p\u00fablico.<\/p>\n<p>Segundo den\u00fancia feita ao MPF da capital, a presidente da banca examinadora, ao n\u00e3o se declarar suspeita pela rela\u00e7\u00e3o de \u00edntima amizade que mantinha com a primeira colocada, terminou por beneficiar a candidata, ferindo as normas constitucionais. No entendimento dos procuradores que assinaram a a\u00e7\u00e3o, a professora deveria ter se declarado suspeita.<\/p>\n<p>Al\u00e9m da anula\u00e7\u00e3o e suspens\u00e3o dos atos decorrentes do certame, o Minist\u00e9rio P\u00fablico requer na a\u00e7\u00e3o que seja realizado, oportunamente, novo concurso p\u00fablico, com nova banca examinadora, observando-se os par\u00e2metros constitucionais e legais.<\/p>\n<p>O concurso foi regulado pelo Edital n.\u00ba 55, de 25 de maio de 2018.\u00a0A\u00e7\u00e3o Civil P\u00fablica n.\u00ba 0811471-12.2018.4.05.8200, originada da Not\u00edcia de Fato n.\u00ba\u00a0 1.24.000.001315\/2018-14<\/p>\n<p>&nbsp;<\/p>\n<p>ClickPB<\/p>\n","protected":false},"excerpt":{"rendered":"<p>O Minist\u00e9rio P\u00fablico Federal (MPF) em Jo\u00e3o Pessoa ajuizou a\u00e7\u00e3o civil p\u00fablica pedindo a anula\u00e7\u00e3o do concurso de provas e t\u00edtulos para professor do magist\u00e9rio&hellip; <\/p>\n","protected":false},"author":1,"featured_media":76897,"comment_status":"closed","ping_status":"closed","sticky":false,"template":"","format":"standard","meta":{"sfsi_plus_gutenberg_text_before_share":"","sfsi_plus_gutenberg_show_text_before_share":"","sfsi_plus_gutenberg_icon_type":"","sfsi_plus_gutenberg_icon_alignemt":"","sfsi_plus_gutenburg_max_per_row":"","footnotes":""},"categories":[14],"tags":[],"class_list":["post-76896","post","type-post","status-publish","format-standard","has-post-thumbnail","hentry","category-educacao"],"_links":{"self":[{"href":"https:\/\/www.caririemacao.com\/1\/wp-json\/wp\/v2\/posts\/76896","targetHints":{"allow":["GET"]}}],"collection":[{"href":"https:\/\/www.caririemacao.com\/1\/wp-json\/wp\/v2\/posts"}],"about":[{"href":"https:\/\/www.caririemacao.com\/1\/wp-json\/wp\/v2\/types\/post"}],"author":[{"embeddable":true,"href":"https:\/\/www.caririemacao.com\/1\/wp-json\/wp\/v2\/users\/1"}],"replies":[{"embeddable":true,"href":"https:\/\/www.caririemacao.com\/1\/wp-json\/wp\/v2\/comments?post=76896"}],"version-history":[{"count":1,"href":"https:\/\/www.caririemacao.com\/1\/wp-json\/wp\/v2\/posts\/76896\/revisions"}],"predecessor-version":[{"id":76898,"href":"https:\/\/www.caririemacao.com\/1\/wp-json\/wp\/v2\/posts\/76896\/revisions\/76898"}],"wp:featuredmedia":[{"embeddable":true,"href":"https:\/\/www.caririemacao.com\/1\/wp-json\/wp\/v2\/media\/76897"}],"wp:attachment":[{"href":"https:\/\/www.caririemacao.com\/1\/wp-json\/wp\/v2\/media?parent=76896"}],"wp:term":[{"taxonomy":"category","embeddable":true,"href":"https:\/\/www.caririemacao.com\/1\/wp-json\/wp\/v2\/categories?post=76896"},{"taxonomy":"post_tag","embeddable":true,"href":"https:\/\/www.caririemacao.com\/1\/wp-json\/wp\/v2\/tags?post=76896"}],"curies":[{"name":"wp","href":"https:\/\/api.w.org\/{rel}","templated":true}]}}