{"id":76905,"date":"2018-12-15T10:23:32","date_gmt":"2018-12-15T13:23:32","guid":{"rendered":"http:\/\/www.caririemacao.com\/1\/?p=76905"},"modified":"2018-12-15T10:23:32","modified_gmt":"2018-12-15T13:23:32","slug":"carro-se-parte-ao-meio-durante-disputa-de-racha-na-paraiba","status":"publish","type":"post","link":"https:\/\/www.caririemacao.com\/1\/2018\/12\/15\/carro-se-parte-ao-meio-durante-disputa-de-racha-na-paraiba\/","title":{"rendered":"Carro se parte ao meio durante disputa de racha na Para\u00edba"},"content":{"rendered":"<p>Um acidente no in\u00edcio da manh\u00e3 deste s\u00e1bado (15) deixou uma pessoa levemente ferida e um carro partido ao meio na avenida Dom Pedro II, em Jo\u00e3o Pessoa. De acordo com informa\u00e7\u00f5es de testemunhas, dois carros estariam competindo em um racha quando aconteceu a colis\u00e3o.<\/p>\n<p>Uma das ocupantes do ve\u00edculo envolvido no acidente informou \u00e0 pol\u00edcia que o carro destru\u00eddo estava fazendo um racha com outro ve\u00edculo quando os dois se tocaram. A colis\u00e3o acabou provocando o acidente. O carro bateu na mureta central da avenida e colidiu com o poste, vindo a se partir no meio.<\/p>\n<p>Os ocupantes do ve\u00edculo partido ao meio teriam sa\u00eddo ilesos do acidente, de acordo com testemunhas. Depois de terem deixado o ve\u00edculo, eles ainda teriam efetuado disparos de arma de fogo para cima. Nenhum respons\u00e1vel foi localizado at\u00e9 o momento.<\/p>\n<p style=\"text-align: right;\">Com ClickPB<\/p>\n","protected":false},"excerpt":{"rendered":"<p>Um acidente no in\u00edcio da manh\u00e3 deste s\u00e1bado (15) deixou uma pessoa levemente ferida e um carro partido ao meio na avenida Dom Pedro II,&hellip; <\/p>\n","protected":false},"author":1,"featured_media":76906,"comment_status":"closed","ping_status":"closed","sticky":false,"template":"","format":"standard","meta":{"sfsi_plus_gutenberg_text_before_share":"","sfsi_plus_gutenberg_show_text_before_share":"","sfsi_plus_gutenberg_icon_type":"","sfsi_plus_gutenberg_icon_alignemt":"","sfsi_plus_gutenburg_max_per_row":"","footnotes":""},"categories":[12],"tags":[],"class_list":["post-76905","post","type-post","status-publish","format-standard","has-post-thumbnail","hentry","category-policia"],"_links":{"self":[{"href":"https:\/\/www.caririemacao.com\/1\/wp-json\/wp\/v2\/posts\/76905","targetHints":{"allow":["GET"]}}],"collection":[{"href":"https:\/\/www.caririemacao.com\/1\/wp-json\/wp\/v2\/posts"}],"about":[{"href":"https:\/\/www.caririemacao.com\/1\/wp-json\/wp\/v2\/types\/post"}],"author":[{"embeddable":true,"href":"https:\/\/www.caririemacao.com\/1\/wp-json\/wp\/v2\/users\/1"}],"replies":[{"embeddable":true,"href":"https:\/\/www.caririemacao.com\/1\/wp-json\/wp\/v2\/comments?post=76905"}],"version-history":[{"count":1,"href":"https:\/\/www.caririemacao.com\/1\/wp-json\/wp\/v2\/posts\/76905\/revisions"}],"predecessor-version":[{"id":76907,"href":"https:\/\/www.caririemacao.com\/1\/wp-json\/wp\/v2\/posts\/76905\/revisions\/76907"}],"wp:featuredmedia":[{"embeddable":true,"href":"https:\/\/www.caririemacao.com\/1\/wp-json\/wp\/v2\/media\/76906"}],"wp:attachment":[{"href":"https:\/\/www.caririemacao.com\/1\/wp-json\/wp\/v2\/media?parent=76905"}],"wp:term":[{"taxonomy":"category","embeddable":true,"href":"https:\/\/www.caririemacao.com\/1\/wp-json\/wp\/v2\/categories?post=76905"},{"taxonomy":"post_tag","embeddable":true,"href":"https:\/\/www.caririemacao.com\/1\/wp-json\/wp\/v2\/tags?post=76905"}],"curies":[{"name":"wp","href":"https:\/\/api.w.org\/{rel}","templated":true}]}}