{"id":76910,"date":"2018-12-15T16:59:44","date_gmt":"2018-12-15T19:59:44","guid":{"rendered":"http:\/\/www.caririemacao.com\/1\/?p=76910"},"modified":"2018-12-15T16:43:23","modified_gmt":"2018-12-15T19:43:23","slug":"premio-reune-as-maiores-referencias-do-cariri-e-interior-de-pernambuco","status":"publish","type":"post","link":"https:\/\/www.caririemacao.com\/1\/2018\/12\/15\/premio-reune-as-maiores-referencias-do-cariri-e-interior-de-pernambuco\/","title":{"rendered":"PREMIO re\u00fane as maiores referencias do Cariri e interior de Pernambuco"},"content":{"rendered":"<p style=\"font-weight: 400;\">O PREMIO REFERENCIA promovido pelo portal de not\u00edcias CARIRI EM A\u00c7\u00c3O premia hoje os principais destaques de todo o Cariri e tamb\u00e9m de 4 cidades do interior de Pernambuco.<\/p>\n<p style=\"font-weight: 400;\">A escolha das referencias \u00e9 realizada atrav\u00e9s de vota\u00e7\u00e3o popular feita em cada um dos munic\u00edpios, onde s\u00e3o escolhidos pela popula\u00e7\u00e3o as referencias entre empres\u00e1rios, empreendedores, agentes p\u00fablicos, imprensa e ouras categorias.<\/p>\n<p style=\"font-weight: 400;\">Este ano o evento ser\u00e1 realizado neste s\u00e1bado,(15) no Centro Cutural Alexandre da Silva Brito em Monteiro a partir das 20 horas e ser\u00e1 o evento mais badalado da sociedade caririzeira nestas festas natalinas.<\/p>\n<p style=\"font-weight: 400;\"><strong>F\u00c1BIO BRITO<\/strong><\/p>\n","protected":false},"excerpt":{"rendered":"<p>O PREMIO REFERENCIA promovido pelo portal de not\u00edcias CARIRI EM A\u00c7\u00c3O premia hoje os principais destaques de todo o Cariri e tamb\u00e9m de 4 cidades&hellip; <\/p>\n","protected":false},"author":1,"featured_media":76911,"comment_status":"closed","ping_status":"closed","sticky":false,"template":"","format":"standard","meta":{"sfsi_plus_gutenberg_text_before_share":"","sfsi_plus_gutenberg_show_text_before_share":"","sfsi_plus_gutenberg_icon_type":"","sfsi_plus_gutenberg_icon_alignemt":"","sfsi_plus_gutenburg_max_per_row":"","footnotes":""},"categories":[50,2],"tags":[],"class_list":["post-76910","post","type-post","status-publish","format-standard","has-post-thumbnail","hentry","category-destaque","category-geral"],"_links":{"self":[{"href":"https:\/\/www.caririemacao.com\/1\/wp-json\/wp\/v2\/posts\/76910","targetHints":{"allow":["GET"]}}],"collection":[{"href":"https:\/\/www.caririemacao.com\/1\/wp-json\/wp\/v2\/posts"}],"about":[{"href":"https:\/\/www.caririemacao.com\/1\/wp-json\/wp\/v2\/types\/post"}],"author":[{"embeddable":true,"href":"https:\/\/www.caririemacao.com\/1\/wp-json\/wp\/v2\/users\/1"}],"replies":[{"embeddable":true,"href":"https:\/\/www.caririemacao.com\/1\/wp-json\/wp\/v2\/comments?post=76910"}],"version-history":[{"count":1,"href":"https:\/\/www.caririemacao.com\/1\/wp-json\/wp\/v2\/posts\/76910\/revisions"}],"predecessor-version":[{"id":76912,"href":"https:\/\/www.caririemacao.com\/1\/wp-json\/wp\/v2\/posts\/76910\/revisions\/76912"}],"wp:featuredmedia":[{"embeddable":true,"href":"https:\/\/www.caririemacao.com\/1\/wp-json\/wp\/v2\/media\/76911"}],"wp:attachment":[{"href":"https:\/\/www.caririemacao.com\/1\/wp-json\/wp\/v2\/media?parent=76910"}],"wp:term":[{"taxonomy":"category","embeddable":true,"href":"https:\/\/www.caririemacao.com\/1\/wp-json\/wp\/v2\/categories?post=76910"},{"taxonomy":"post_tag","embeddable":true,"href":"https:\/\/www.caririemacao.com\/1\/wp-json\/wp\/v2\/tags?post=76910"}],"curies":[{"name":"wp","href":"https:\/\/api.w.org\/{rel}","templated":true}]}}