{"id":76931,"date":"2018-12-15T16:47:05","date_gmt":"2018-12-15T19:47:05","guid":{"rendered":"http:\/\/www.caririemacao.com\/1\/?p=76931"},"modified":"2018-12-15T16:47:05","modified_gmt":"2018-12-15T19:47:05","slug":"homem-e-assassinado-a-tiros-em-cidade-do-cariri","status":"publish","type":"post","link":"https:\/\/www.caririemacao.com\/1\/2018\/12\/15\/homem-e-assassinado-a-tiros-em-cidade-do-cariri\/","title":{"rendered":"Homem \u00e9 assassinado a tiros em cidade do Cariri"},"content":{"rendered":"<p>Um propriet\u00e1rio de um bar foi assassinado a tiros na noite desta sexta-feira, 14, na cidade do Congo, no Cariri paraibano.<\/p>\n<p>Conforme informa\u00e7\u00f5es, dois homens em uma moto chegaram e efetuaram v\u00e1rios disparos de arma de fogo contra a v\u00edtima que estava dentro do estabelecimento.<\/p>\n<p>A v\u00edtima chegou a ser socorrida para o Hospital de Sum\u00e9, mas n\u00e3o resistiu, e veio a \u00f3bito.<\/p>\n<p>A Pol\u00edcia realizou dilig\u00eancias, mas sem \u00eaxito at\u00e9 o momento.<\/p>\n","protected":false},"excerpt":{"rendered":"<p>Um propriet\u00e1rio de um bar foi assassinado a tiros na noite desta sexta-feira, 14, na cidade do Congo, no Cariri paraibano. Conforme informa\u00e7\u00f5es, dois homens&hellip; <\/p>\n","protected":false},"author":1,"featured_media":18430,"comment_status":"closed","ping_status":"closed","sticky":false,"template":"","format":"standard","meta":{"sfsi_plus_gutenberg_text_before_share":"","sfsi_plus_gutenberg_show_text_before_share":"","sfsi_plus_gutenberg_icon_type":"","sfsi_plus_gutenberg_icon_alignemt":"","sfsi_plus_gutenburg_max_per_row":"","footnotes":""},"categories":[50,12],"tags":[],"class_list":["post-76931","post","type-post","status-publish","format-standard","has-post-thumbnail","hentry","category-destaque","category-policia"],"_links":{"self":[{"href":"https:\/\/www.caririemacao.com\/1\/wp-json\/wp\/v2\/posts\/76931","targetHints":{"allow":["GET"]}}],"collection":[{"href":"https:\/\/www.caririemacao.com\/1\/wp-json\/wp\/v2\/posts"}],"about":[{"href":"https:\/\/www.caririemacao.com\/1\/wp-json\/wp\/v2\/types\/post"}],"author":[{"embeddable":true,"href":"https:\/\/www.caririemacao.com\/1\/wp-json\/wp\/v2\/users\/1"}],"replies":[{"embeddable":true,"href":"https:\/\/www.caririemacao.com\/1\/wp-json\/wp\/v2\/comments?post=76931"}],"version-history":[{"count":1,"href":"https:\/\/www.caririemacao.com\/1\/wp-json\/wp\/v2\/posts\/76931\/revisions"}],"predecessor-version":[{"id":76934,"href":"https:\/\/www.caririemacao.com\/1\/wp-json\/wp\/v2\/posts\/76931\/revisions\/76934"}],"wp:featuredmedia":[{"embeddable":true,"href":"https:\/\/www.caririemacao.com\/1\/wp-json\/wp\/v2\/media\/18430"}],"wp:attachment":[{"href":"https:\/\/www.caririemacao.com\/1\/wp-json\/wp\/v2\/media?parent=76931"}],"wp:term":[{"taxonomy":"category","embeddable":true,"href":"https:\/\/www.caririemacao.com\/1\/wp-json\/wp\/v2\/categories?post=76931"},{"taxonomy":"post_tag","embeddable":true,"href":"https:\/\/www.caririemacao.com\/1\/wp-json\/wp\/v2\/tags?post=76931"}],"curies":[{"name":"wp","href":"https:\/\/api.w.org\/{rel}","templated":true}]}}