{"id":76935,"date":"2018-12-15T16:49:30","date_gmt":"2018-12-15T19:49:30","guid":{"rendered":"http:\/\/www.caririemacao.com\/1\/?p=76935"},"modified":"2018-12-15T16:49:30","modified_gmt":"2018-12-15T19:49:30","slug":"goleiro-cabaceirense-santos-faz-historia-e-conquista-a-copa-sul-americana-pelo-atletico-pr","status":"publish","type":"post","link":"https:\/\/www.caririemacao.com\/1\/2018\/12\/15\/goleiro-cabaceirense-santos-faz-historia-e-conquista-a-copa-sul-americana-pelo-atletico-pr\/","title":{"rendered":"Goleiro Cabaceirense Santos faz hist\u00f3ria e conquista a Copa Sul-Americana pelo Atl\u00e9tico-PR"},"content":{"rendered":"<p>A ta\u00e7a da Copa Sul-Americana 2018 \u00e9 brasileira, paraibana e caririzeira! Em decis\u00e3o eletrizante disputada na noite desta quarta-feira (12),o Atl\u00e9tico-PR n\u00e3o decepcionou a torcida que lotou a Arena da Baixada e venceu o Junior Barranquilla nos p\u00eanaltis (4 a 3) depois de novo empate por 1 a 1 no tempo normal \u2013 e at\u00e9 uma penalidade desperdi\u00e7ada pelos colombianos na prorroga\u00e7\u00e3o. Com isso, o time paranaense faz a festa e conquista o primeiro t\u00edtulo internacional de sua hist\u00f3ria.<\/p>\n<p>Defendendo a titularidade da meta do Atl\u00e9tico \u2013PR, o goleiro paraibano Santos, natural de Cabaceiras, entrou para hist\u00f3ria e fez parte de uma conquista in\u00e9dita para o Furac\u00e3o, a Copa Sul-Americana de Futebol 2018.<\/p>\n<p><img fetchpriority=\"high\" decoding=\"async\" class=\"wp-image-60308 alignleft\" src=\"http:\/\/deolhonocariri.com.br\/wp-content\/uploads\/2018\/12\/48379581_290275624953172_221180705390985216_n-1024x574.jpg\" sizes=\"(max-width: 498px) 100vw, 498px\" srcset=\"http:\/\/deolhonocariri.com.br\/wp-content\/uploads\/2018\/12\/48379581_290275624953172_221180705390985216_n-1024x574.jpg 1024w, http:\/\/deolhonocariri.com.br\/wp-content\/uploads\/2018\/12\/48379581_290275624953172_221180705390985216_n-400x224.jpg 400w, http:\/\/deolhonocariri.com.br\/wp-content\/uploads\/2018\/12\/48379581_290275624953172_221180705390985216_n-768x431.jpg 768w, http:\/\/deolhonocariri.com.br\/wp-content\/uploads\/2018\/12\/48379581_290275624953172_221180705390985216_n.jpg 1280w\" alt=\"\" width=\"371\" height=\"208\" \/>Santos tem 28 anos de idade e come\u00e7ou a jogar futebol em escolinhas de futebol Cabaceiras, posteriormente foi para a escolinha de futebol do Treze de Campina Grande, foi quando o professor D\u00e1rio na \u00e9poca enviou Santos para o equipe do Porto de Caruaru, disputando a Copa SP de Futebol J\u00fanior. Foi quando ali se destacou e foi contratado pelo Atl\u00e9tico -PR, depois de 10 anos, Santos agarrou a oportunidade como titular e \u2018de quebra\u2019, conquistou o primeiro t\u00edtulo internacional\u00a0 seu e da hist\u00f3ria do Furac\u00e3o.<\/p>\n<p>Ao final da partida eletrizante, o goleiro cabaceirense Santos exaltou o feito in\u00e9dito do Furac\u00e3o. \u201cQueria agradecer a todos, principalmente ao grupo, que foi fundamental nesta conquista. Fizemos um ano muito brilhante. E, para coroar, temos esse t\u00edtulo, que vai ficar para hist\u00f3ria. Estamos representando o Brasil e s\u00f3 temos o que comemorar\u201d, comemorou o goleiro.<\/p>\n<p><strong>CIDADE DE CABACEIRAS COMEMORA CONQUISTA DE SEU CONTERR\u00c2NEO<\/strong><\/p>\n<div class=\"wp-block-image\">\n<figure class=\"aligncenter is-resized\"><img decoding=\"async\" class=\"wp-image-60311 alignleft lazyload\" data-src=\"http:\/\/deolhonocariri.com.br\/wp-content\/uploads\/2018\/12\/normal_00242182_00-1.jpg\" data-sizes=\"(max-width: 522px) 100vw, 522px\" data-srcset=\"http:\/\/deolhonocariri.com.br\/wp-content\/uploads\/2018\/12\/normal_00242182_00-1.jpg 899w, http:\/\/deolhonocariri.com.br\/wp-content\/uploads\/2018\/12\/normal_00242182_00-1-400x267.jpg 400w, http:\/\/deolhonocariri.com.br\/wp-content\/uploads\/2018\/12\/normal_00242182_00-1-600x400.jpg 600w, http:\/\/deolhonocariri.com.br\/wp-content\/uploads\/2018\/12\/normal_00242182_00-1-768x513.jpg 768w\" alt=\"\" width=\"371\" height=\"247\" src=\"data:image\/svg+xml;base64,PHN2ZyB3aWR0aD0iMSIgaGVpZ2h0PSIxIiB4bWxucz0iaHR0cDovL3d3dy53My5vcmcvMjAwMC9zdmciPjwvc3ZnPg==\" style=\"--smush-placeholder-width: 371px; --smush-placeholder-aspect-ratio: 371\/247;\" \/>A popula\u00e7\u00e3o de Cabaceiras, cariri paraibano desde as primeiras horas da noite desta \u00faltima quarta(12), estava ligada na grande final da competi\u00e7\u00e3o. Familiares e amigos instalaram um grande tel\u00e3o na\u00a0Rua M\u00e1rio De Castro Lima, no centro da cidade, para assistirem a partida. Ap\u00f3s as emocionantes cobran\u00e7as de p\u00eanaltis e a conquista do Furac\u00e3o, os cabaceirenses fizeram a festa com direito \u00e0 fogos de artificio, carreata e muita festa que rolou durante a madrugada na \u2018Roli\u00fade Nordestina\u2019.<\/figure>\n<\/div>\n<div class=\"wp-block-image\">\n<figure class=\"aligncenter is-resized\">Com a conquista do t\u00edtulo, o Furac\u00e3o tem agora o direito de disputar a Recopa Sul-Americana contra o River Plate, campe\u00e3o da Libertadores da Am\u00e9rica, e a Copa Suruga, contra o campe\u00e3o do Jap\u00e3o. O Atl\u00e9tico tamb\u00e9m garantiu lugar na Libertadores de 2019.<\/figure>\n<\/div>\n","protected":false},"excerpt":{"rendered":"<p>A ta\u00e7a da Copa Sul-Americana 2018 \u00e9 brasileira, paraibana e caririzeira! Em decis\u00e3o eletrizante disputada na noite desta quarta-feira (12),o Atl\u00e9tico-PR n\u00e3o decepcionou a torcida&hellip; <\/p>\n","protected":false},"author":1,"featured_media":76936,"comment_status":"closed","ping_status":"closed","sticky":false,"template":"","format":"standard","meta":{"sfsi_plus_gutenberg_text_before_share":"","sfsi_plus_gutenberg_show_text_before_share":"","sfsi_plus_gutenberg_icon_type":"","sfsi_plus_gutenberg_icon_alignemt":"","sfsi_plus_gutenburg_max_per_row":"","footnotes":""},"categories":[13],"tags":[],"class_list":["post-76935","post","type-post","status-publish","format-standard","has-post-thumbnail","hentry","category-esportes"],"_links":{"self":[{"href":"https:\/\/www.caririemacao.com\/1\/wp-json\/wp\/v2\/posts\/76935","targetHints":{"allow":["GET"]}}],"collection":[{"href":"https:\/\/www.caririemacao.com\/1\/wp-json\/wp\/v2\/posts"}],"about":[{"href":"https:\/\/www.caririemacao.com\/1\/wp-json\/wp\/v2\/types\/post"}],"author":[{"embeddable":true,"href":"https:\/\/www.caririemacao.com\/1\/wp-json\/wp\/v2\/users\/1"}],"replies":[{"embeddable":true,"href":"https:\/\/www.caririemacao.com\/1\/wp-json\/wp\/v2\/comments?post=76935"}],"version-history":[{"count":1,"href":"https:\/\/www.caririemacao.com\/1\/wp-json\/wp\/v2\/posts\/76935\/revisions"}],"predecessor-version":[{"id":76937,"href":"https:\/\/www.caririemacao.com\/1\/wp-json\/wp\/v2\/posts\/76935\/revisions\/76937"}],"wp:featuredmedia":[{"embeddable":true,"href":"https:\/\/www.caririemacao.com\/1\/wp-json\/wp\/v2\/media\/76936"}],"wp:attachment":[{"href":"https:\/\/www.caririemacao.com\/1\/wp-json\/wp\/v2\/media?parent=76935"}],"wp:term":[{"taxonomy":"category","embeddable":true,"href":"https:\/\/www.caririemacao.com\/1\/wp-json\/wp\/v2\/categories?post=76935"},{"taxonomy":"post_tag","embeddable":true,"href":"https:\/\/www.caririemacao.com\/1\/wp-json\/wp\/v2\/tags?post=76935"}],"curies":[{"name":"wp","href":"https:\/\/api.w.org\/{rel}","templated":true}]}}