{"id":76941,"date":"2018-12-15T16:53:04","date_gmt":"2018-12-15T19:53:04","guid":{"rendered":"http:\/\/www.caririemacao.com\/1\/?p=76941"},"modified":"2018-12-15T16:53:04","modified_gmt":"2018-12-15T19:53:04","slug":"prefeitura-de-sume-paga-segunda-parcela-do-13-dos-servidores-municipais","status":"publish","type":"post","link":"https:\/\/www.caririemacao.com\/1\/2018\/12\/15\/prefeitura-de-sume-paga-segunda-parcela-do-13-dos-servidores-municipais\/","title":{"rendered":"Prefeitura de Sum\u00e9 paga segunda parcela do 13\u00b0 dos servidores municipais"},"content":{"rendered":"<p>O pagamento da parcela final do 13\u00b0 sal\u00e1rio dos servidores efetivos da Prefeitura de Sum\u00e9 vem ocorrendo desde o dia 13 de dezembro. S\u00e3o 556 servidores que est\u00e3o recebendo o dinheiro em suas contas. O total da folha \u00e9 de R$ 460 mil. O adiantamento da primeira parcela ocorreu no m\u00eas de junho, com um total de R$ 500 mil.<\/p>\n<p>Segundo o secret\u00e1rio de Finan\u00e7as do munic\u00edpio Rob\u00e9rio Cipriano, apesar de toda a crise financeira que o Pa\u00eds enfrenta, atualmente, Sum\u00e9 vem conseguindo manter as contas p\u00fablicas equilibradas.<\/p>\n<p>\u201cA determina\u00e7\u00e3o do prefeito \u00c9den \u00e9 no sentido de que todas as medidas administrativas sejam adotadas com base em planejamento, estrat\u00e9gia e responsabilidade social de modo que o pagamento dos servidores municipais seja a prioridade n\u00famero um\u201d, disse o secret\u00e1rio.<\/p>\n<p>\u201cEsse ano de 2018 foi muito dif\u00edcil, por\u00e9m, com organiza\u00e7\u00e3o, planejamento e determina\u00e7\u00e3o de s\u00f3 aplicar na comunidade aquilo que s\u00f3 tem depositado em conta, temos conseguido evitar que o pior aconte\u00e7a\u201d, destacou o secret\u00e1rio.<\/p>\n<p>Rob\u00e9rio lembrou tamb\u00e9m que a chave do sucesso da administra\u00e7\u00e3o do prefeito \u00c9den, deve-se em grande parte \u00e0 credibilidade e ao respaldo que o munic\u00edpio tem perante outros \u00f3rg\u00e3os da federa\u00e7\u00e3o: estadual e federal.<\/p>\n<p>Soma-se a isso, a transpar\u00eancia dos gastos p\u00fablicos com informa\u00e7\u00f5es junto ao Tribunal de Contas, alimenta\u00e7\u00e3o dos sistemas de Sa\u00fade e Wduca\u00e7\u00e3o, realiza\u00e7\u00e3o dos dep\u00f3sitos de contrapartida e todos os pagamentos em dia com as obriga\u00e7\u00f5es sociais, como IPAMS e INSS.<\/p>\n","protected":false},"excerpt":{"rendered":"<p>O pagamento da parcela final do 13\u00b0 sal\u00e1rio dos servidores efetivos da Prefeitura de Sum\u00e9 vem ocorrendo desde o dia 13 de dezembro. S\u00e3o 556&hellip; <\/p>\n","protected":false},"author":1,"featured_media":48430,"comment_status":"closed","ping_status":"closed","sticky":false,"template":"","format":"standard","meta":{"sfsi_plus_gutenberg_text_before_share":"","sfsi_plus_gutenberg_show_text_before_share":"","sfsi_plus_gutenberg_icon_type":"","sfsi_plus_gutenberg_icon_alignemt":"","sfsi_plus_gutenburg_max_per_row":"","footnotes":""},"categories":[6],"tags":[],"class_list":["post-76941","post","type-post","status-publish","format-standard","has-post-thumbnail","hentry","category-cidades"],"_links":{"self":[{"href":"https:\/\/www.caririemacao.com\/1\/wp-json\/wp\/v2\/posts\/76941","targetHints":{"allow":["GET"]}}],"collection":[{"href":"https:\/\/www.caririemacao.com\/1\/wp-json\/wp\/v2\/posts"}],"about":[{"href":"https:\/\/www.caririemacao.com\/1\/wp-json\/wp\/v2\/types\/post"}],"author":[{"embeddable":true,"href":"https:\/\/www.caririemacao.com\/1\/wp-json\/wp\/v2\/users\/1"}],"replies":[{"embeddable":true,"href":"https:\/\/www.caririemacao.com\/1\/wp-json\/wp\/v2\/comments?post=76941"}],"version-history":[{"count":1,"href":"https:\/\/www.caririemacao.com\/1\/wp-json\/wp\/v2\/posts\/76941\/revisions"}],"predecessor-version":[{"id":76943,"href":"https:\/\/www.caririemacao.com\/1\/wp-json\/wp\/v2\/posts\/76941\/revisions\/76943"}],"wp:featuredmedia":[{"embeddable":true,"href":"https:\/\/www.caririemacao.com\/1\/wp-json\/wp\/v2\/media\/48430"}],"wp:attachment":[{"href":"https:\/\/www.caririemacao.com\/1\/wp-json\/wp\/v2\/media?parent=76941"}],"wp:term":[{"taxonomy":"category","embeddable":true,"href":"https:\/\/www.caririemacao.com\/1\/wp-json\/wp\/v2\/categories?post=76941"},{"taxonomy":"post_tag","embeddable":true,"href":"https:\/\/www.caririemacao.com\/1\/wp-json\/wp\/v2\/tags?post=76941"}],"curies":[{"name":"wp","href":"https:\/\/api.w.org\/{rel}","templated":true}]}}