{"id":76946,"date":"2018-12-15T17:00:06","date_gmt":"2018-12-15T20:00:06","guid":{"rendered":"http:\/\/www.caririemacao.com\/1\/?p=76946"},"modified":"2018-12-15T17:00:06","modified_gmt":"2018-12-15T20:00:06","slug":"ricardo-e-preciso-um-tecido-social-para-que-caibam-todos-hoje-cabem-poucos","status":"publish","type":"post","link":"https:\/\/www.caririemacao.com\/1\/2018\/12\/15\/ricardo-e-preciso-um-tecido-social-para-que-caibam-todos-hoje-cabem-poucos\/","title":{"rendered":"Ricardo: \u201c\u00c9 preciso um tecido social para que caibam todos. Hoje cabem poucos\u201d"},"content":{"rendered":"<p>Ao ser homenageado, no come\u00e7o desta semana, pelo Minist\u00e9rio P\u00fablico da Para\u00edba, o governador Ricardo Coutinho (PSB) se permitiu, em seu discurso, dar um tom de repagina\u00e7\u00e3o e de despedida \u00e0s palavras.<\/p>\n<p>Leia alguns trechos.<\/p>\n<p>\u201cNenhum de n\u00f3s somos ou seremos plenos.<\/p>\n<p>\u201cAo longo da caminhada, como governador, pude entender a import\u00e2ncia do Minist\u00e9rio P\u00fablico (\u2026) O MP \u00e9 muito mais do que a paridade (salarial, com o Judici\u00e1rio). Esse \u00e9 um debate vencido (\u2026) O MP presta um servi\u00e7o insubstitu\u00edvel \u00e0 popula\u00e7\u00e3o.<\/p>\n<p>\u201cAo longo desses 8 anos, n\u00f3s (ele e o MP) nunca nos faltamos. N\u00f3s nos demos tranquilidade e seguran\u00e7a na rela\u00e7\u00e3o.<\/p>\n<p>\u201cN\u00f3s \u00faltimos quatro anos o Pa\u00eds viveu num quadro de anarquia administrativa promovida pela pol\u00edtica. E pagamos muito caro, at\u00e9 dividindo a sociedade.<\/p>\n<p>\u201cEntre 2011 e 2018 teve o principal crescimento hist\u00f3rico no repasse (de recursos) aos demais poderes na Para\u00edba (\u2026) Houve anos em que o duod\u00e9cimo (fatia das receitas que cabe aos demais poderes) cresceu 15%, contra uma infla\u00e7\u00e3o de 5%.<\/p>\n<div id=\"attachment_538326\" class=\"wp-caption aligncenter\"><img decoding=\"async\" class=\"wp-image-538326 size-medium lazyload\" data-src=\"https:\/\/paraibaonline.com.br\/wp-content\/uploads\/2018\/12\/foto-MP-ascom-1-556x417.jpg\" data-srcset=\"https:\/\/paraibaonline.com.br\/wp-content\/uploads\/2018\/12\/foto-MP-ascom-1-556x417.jpg 556w, https:\/\/paraibaonline.com.br\/wp-content\/uploads\/2018\/12\/foto-MP-ascom-1.jpg 800w\" alt=\"\" src=\"data:image\/svg+xml;base64,PHN2ZyB3aWR0aD0iMSIgaGVpZ2h0PSIxIiB4bWxucz0iaHR0cDovL3d3dy53My5vcmcvMjAwMC9zdmciPjwvc3ZnPg==\" style=\"--smush-placeholder-width: 556px; --smush-placeholder-aspect-ratio: 556\/417;\" \/><\/p>\n<p class=\"wp-caption-text\">Foto: Ascom<\/p>\n<\/div>\n<p>\u201cTenho sempre em mente que o or\u00e7amento p\u00fablico tem que dar para todos.<\/p>\n<p>\u201c\u00c9 preciso um tecido social para que caibam todos. Hoje cabem poucos.<\/p>\n<p>\u201cEstou concluindo um per\u00edodo de vida bastante intenso. Tenho a dimens\u00e3o do que \u00e9 ser bastante cobrado\u201d.<\/p>\n<p>Ainda o governador: \u201dEu at\u00e9 gosto da express\u00e3o \u00b4m\u00e3o de vaca\u00b4 (pessoa amarrada, financeiramente falando). Pra mim, isso significa responsabilidade para com todos\u201d.<\/p>\n<p>&nbsp;<\/p>\n<p>Para\u00edba Online<\/p>\n","protected":false},"excerpt":{"rendered":"<p>Ao ser homenageado, no come\u00e7o desta semana, pelo Minist\u00e9rio P\u00fablico da Para\u00edba, o governador Ricardo Coutinho (PSB) se permitiu, em seu discurso, dar um tom&hellip; <\/p>\n","protected":false},"author":1,"featured_media":52291,"comment_status":"closed","ping_status":"closed","sticky":false,"template":"","format":"standard","meta":{"sfsi_plus_gutenberg_text_before_share":"","sfsi_plus_gutenberg_show_text_before_share":"","sfsi_plus_gutenberg_icon_type":"","sfsi_plus_gutenberg_icon_alignemt":"","sfsi_plus_gutenburg_max_per_row":"","footnotes":""},"categories":[11],"tags":[],"class_list":["post-76946","post","type-post","status-publish","format-standard","has-post-thumbnail","hentry","category-politica"],"_links":{"self":[{"href":"https:\/\/www.caririemacao.com\/1\/wp-json\/wp\/v2\/posts\/76946","targetHints":{"allow":["GET"]}}],"collection":[{"href":"https:\/\/www.caririemacao.com\/1\/wp-json\/wp\/v2\/posts"}],"about":[{"href":"https:\/\/www.caririemacao.com\/1\/wp-json\/wp\/v2\/types\/post"}],"author":[{"embeddable":true,"href":"https:\/\/www.caririemacao.com\/1\/wp-json\/wp\/v2\/users\/1"}],"replies":[{"embeddable":true,"href":"https:\/\/www.caririemacao.com\/1\/wp-json\/wp\/v2\/comments?post=76946"}],"version-history":[{"count":1,"href":"https:\/\/www.caririemacao.com\/1\/wp-json\/wp\/v2\/posts\/76946\/revisions"}],"predecessor-version":[{"id":76947,"href":"https:\/\/www.caririemacao.com\/1\/wp-json\/wp\/v2\/posts\/76946\/revisions\/76947"}],"wp:featuredmedia":[{"embeddable":true,"href":"https:\/\/www.caririemacao.com\/1\/wp-json\/wp\/v2\/media\/52291"}],"wp:attachment":[{"href":"https:\/\/www.caririemacao.com\/1\/wp-json\/wp\/v2\/media?parent=76946"}],"wp:term":[{"taxonomy":"category","embeddable":true,"href":"https:\/\/www.caririemacao.com\/1\/wp-json\/wp\/v2\/categories?post=76946"},{"taxonomy":"post_tag","embeddable":true,"href":"https:\/\/www.caririemacao.com\/1\/wp-json\/wp\/v2\/tags?post=76946"}],"curies":[{"name":"wp","href":"https:\/\/api.w.org\/{rel}","templated":true}]}}