{"id":76949,"date":"2018-12-15T17:02:47","date_gmt":"2018-12-15T20:02:47","guid":{"rendered":"http:\/\/www.caririemacao.com\/1\/?p=76949"},"modified":"2018-12-15T17:02:47","modified_gmt":"2018-12-15T20:02:47","slug":"presidente-do-stj-nos-precisamos-investir-pesadamente-em-educacao","status":"publish","type":"post","link":"https:\/\/www.caririemacao.com\/1\/2018\/12\/15\/presidente-do-stj-nos-precisamos-investir-pesadamente-em-educacao\/","title":{"rendered":"Presidente do STJ: \u201cN\u00f3s precisamos investir pesadamente em educa\u00e7\u00e3o\u201d"},"content":{"rendered":"<p>Durante\u00a0o 2\u00ba F\u00f3rum de Governadores, realizado esta semana em Bras\u00edlia, o presidente do Superior Tribunal de Justi\u00e7a, ministro Jo\u00e3o Ot\u00e1vio Noronha, acentuou que a realidade imp\u00f5e a necessidade de buscar boas pr\u00e1ticas de gest\u00e3o.<\/p>\n<p>\u201c\u00c9 preciso que se instalem nos estados, com intermedia\u00e7\u00e3o das procuradorias, um modo de resolu\u00e7\u00e3o de seus conflitos por instrumentos como a concilia\u00e7\u00e3o. \u00c9 hora de se buscar a desjudicializa\u00e7\u00e3o como meio mais barato de resolver os conflitos. \u00c9 hora de mudar o relacionamento entre o estado, o jurisdicionado e a Justi\u00e7a\u201d, argumentou o ministro.<\/p>\n<p>\u201cEnquanto n\u00e3o tivermos a crian\u00e7a o tempo todo na escola, ela vai ser sempre uma figura potencialmente convers\u00edvel \u00e0 a\u00e7\u00e3o delituosa. N\u00f3s precisamos investir pesadamente em educa\u00e7\u00e3o no pa\u00eds\u201d, alertou o presidente do STJ.<\/p>\n<p>&nbsp;<\/p>\n","protected":false},"excerpt":{"rendered":"<p>Durante\u00a0o 2\u00ba F\u00f3rum de Governadores, realizado esta semana em Bras\u00edlia, o presidente do Superior Tribunal de Justi\u00e7a, ministro Jo\u00e3o Ot\u00e1vio Noronha, acentuou que a realidade&hellip; <\/p>\n","protected":false},"author":1,"featured_media":76950,"comment_status":"closed","ping_status":"closed","sticky":false,"template":"","format":"standard","meta":{"sfsi_plus_gutenberg_text_before_share":"","sfsi_plus_gutenberg_show_text_before_share":"","sfsi_plus_gutenberg_icon_type":"","sfsi_plus_gutenberg_icon_alignemt":"","sfsi_plus_gutenburg_max_per_row":"","footnotes":""},"categories":[14],"tags":[],"class_list":["post-76949","post","type-post","status-publish","format-standard","has-post-thumbnail","hentry","category-educacao"],"_links":{"self":[{"href":"https:\/\/www.caririemacao.com\/1\/wp-json\/wp\/v2\/posts\/76949","targetHints":{"allow":["GET"]}}],"collection":[{"href":"https:\/\/www.caririemacao.com\/1\/wp-json\/wp\/v2\/posts"}],"about":[{"href":"https:\/\/www.caririemacao.com\/1\/wp-json\/wp\/v2\/types\/post"}],"author":[{"embeddable":true,"href":"https:\/\/www.caririemacao.com\/1\/wp-json\/wp\/v2\/users\/1"}],"replies":[{"embeddable":true,"href":"https:\/\/www.caririemacao.com\/1\/wp-json\/wp\/v2\/comments?post=76949"}],"version-history":[{"count":1,"href":"https:\/\/www.caririemacao.com\/1\/wp-json\/wp\/v2\/posts\/76949\/revisions"}],"predecessor-version":[{"id":76951,"href":"https:\/\/www.caririemacao.com\/1\/wp-json\/wp\/v2\/posts\/76949\/revisions\/76951"}],"wp:featuredmedia":[{"embeddable":true,"href":"https:\/\/www.caririemacao.com\/1\/wp-json\/wp\/v2\/media\/76950"}],"wp:attachment":[{"href":"https:\/\/www.caririemacao.com\/1\/wp-json\/wp\/v2\/media?parent=76949"}],"wp:term":[{"taxonomy":"category","embeddable":true,"href":"https:\/\/www.caririemacao.com\/1\/wp-json\/wp\/v2\/categories?post=76949"},{"taxonomy":"post_tag","embeddable":true,"href":"https:\/\/www.caririemacao.com\/1\/wp-json\/wp\/v2\/tags?post=76949"}],"curies":[{"name":"wp","href":"https:\/\/api.w.org\/{rel}","templated":true}]}}