{"id":76952,"date":"2018-12-15T17:05:22","date_gmt":"2018-12-15T20:05:22","guid":{"rendered":"http:\/\/www.caririemacao.com\/1\/?p=76952"},"modified":"2018-12-15T17:05:22","modified_gmt":"2018-12-15T20:05:22","slug":"flamengo-aguarda-palmeiras-endurece-e-negociacao-por-felipe-melo-vira-novela","status":"publish","type":"post","link":"https:\/\/www.caririemacao.com\/1\/2018\/12\/15\/flamengo-aguarda-palmeiras-endurece-e-negociacao-por-felipe-melo-vira-novela\/","title":{"rendered":"Flamengo aguarda, Palmeiras endurece, e negocia\u00e7\u00e3o por Felipe Melo vira novela"},"content":{"rendered":"<p>A poss\u00edvel ida de Felipe Melo para o Flamengo ganhou ares de novela e n\u00e3o se moveu desde o dia em que a primeira not\u00edcia foi publicada, no dia 11 de dezembro. O Palmeiras ainda n\u00e3o foi consultado e se irritou com o que j\u00e1 considera aliciamento por parte de seu jogador. Ao mesmo tempo, tamb\u00e9m n\u00e3o procurou o atleta para renovar: seu contrato vai at\u00e9 dezembro de 2019.<\/p>\n<p>Desde o primeiro cap\u00edtulo, a hist\u00f3ria mostrou vers\u00f5es diferentes apresentadas por cada clube e at\u00e9 mesmo por funcion\u00e1rios do estafe do atleta, que nunca escondeu ser flamenguista de inf\u00e2ncia. J\u00e1 h\u00e1, no alviverde, quem ligue a novela com uma tentativa do jogador de ter seu contrato renovado.<\/p>\n<p>Com a elei\u00e7\u00e3o de Rodolfo Landim, o clube passou a cogitar Felipe Melo como s\u00edmbolo de mudan\u00e7a de postura para o elenco. O time carioca recebeu a informa\u00e7\u00e3o que o atleta n\u00e3o estava na lista dos favoritos de Felip\u00e3o e que poderia at\u00e9 deixar o clube de gra\u00e7a.<\/p>\n<p>Embora tenha sido trazido ao Brasil por Eduardo Uram, que ganhou comiss\u00e3o milion\u00e1ria pelo neg\u00f3cio, o atleta passou a ser representado por Eduardo Cornacini, que foi o respons\u00e1vel pelos contatos com a equipe carioca. Tamb\u00e9m foi ele que intermediou a situa\u00e7\u00e3o dele na \u00e9poca da briga com Cuca.<\/p>\n<p>Embora tenha sido feita sem custos de transa\u00e7\u00e3o, a chegada de Felipe Melo custou mais de R$ 10 milh\u00f5es em comiss\u00f5es para empres\u00e1rios e para o pr\u00f3prio atleta. Com sal\u00e1rio de R$ 350 mil fixos, ele ainda aumenta seus rendimentos com a produtividade, que aumenta a cada partida. Seu contrato vai at\u00e9 2019 e tem multa rescis\u00f3ria.<\/p>\n<div id=\"attachment_538291\" class=\"wp-caption aligncenter\"><img decoding=\"async\" class=\"wp-image-538291 size-medium lazyload\" data-src=\"https:\/\/paraibaonline.com.br\/wp-content\/uploads\/2018\/12\/FELIPE-MELO-567x403.jpg\" data-srcset=\"https:\/\/paraibaonline.com.br\/wp-content\/uploads\/2018\/12\/FELIPE-MELO-567x403.jpg 567w, https:\/\/paraibaonline.com.br\/wp-content\/uploads\/2018\/12\/FELIPE-MELO.jpg 800w\" alt=\"Foto: Ascom\/Palmeiras\" src=\"data:image\/svg+xml;base64,PHN2ZyB3aWR0aD0iMSIgaGVpZ2h0PSIxIiB4bWxucz0iaHR0cDovL3d3dy53My5vcmcvMjAwMC9zdmciPjwvc3ZnPg==\" style=\"--smush-placeholder-width: 567px; --smush-placeholder-aspect-ratio: 567\/403;\" \/><\/p>\n<p class=\"wp-caption-text\">Foto: Ascom\/Palmeiras<\/p>\n<\/div>\n<p>Felipe Melo teve problemas durante seus dois anos de Palmeiras e chegou at\u00e9 a ser afastado do elenco por conta de uma discuss\u00e3o com Cuca. O atleta at\u00e9 notificou o clube de maneira extrajudicial para n\u00e3o precisar treinar separado. Como foi aposta de Alexandre Mattos, no entanto, a sua perman\u00eancia foi bancada pela diretoria mesmo ap\u00f3s a briga com o treinador. Felip\u00e3o se irritou no seu in\u00edcio de trabalho por conta de problemas de disciplina, mas as arestas entre eles j\u00e1 foram aparadas.<\/p>\n<p>O Palmeiras n\u00e3o gostou de ver diversas not\u00edcias sobre a poss\u00edvel ida de Felipe Melo ao Flamengo, especialmente por n\u00e3o ter sido consultado em nenhum momento. H\u00e1, no clube paulista, quem considere a atitude dos cariocas um in\u00edcio de aliciamento.<\/p>\n<p>Tamb\u00e9m j\u00e1 h\u00e1, na diretoria, quem defenda o \u201ctroco\u201d em cima dos jogadores do rubro-negro.<\/p>\n<p>Felipe Melo tamb\u00e9m atrai o interesse do Galatasaray. H\u00e1 um empres\u00e1rio em conversas com a equipe turca, mas o neg\u00f3cio dificilmente vai evoluir. Os turcos tamb\u00e9m sonham em ter o volante sem precisar pagar nada.<\/p>\n<p>Nas duas vezes que veio a p\u00fablico para falar disso, o jogador foi enigm\u00e1tico. Primeiro, no Twitter, disse estar de f\u00e9rias e em busca do sol. Depois, para o Sportv, disse que est\u00e1 feliz no Palmeiras e que tem contrato at\u00e9 2019: \u201cvou com o que tenho\u201d.<br \/>\nEm entrevistas antes de ser campe\u00e3o, Felipe Melo j\u00e1 havia refor\u00e7ado algumas vezes que estava identificado com o Alviverde. Ele at\u00e9 citou desejo de se estabilizar em S\u00e3o Paulo por mais um tempo.<\/p>\n","protected":false},"excerpt":{"rendered":"<p>A poss\u00edvel ida de Felipe Melo para o Flamengo ganhou ares de novela e n\u00e3o se moveu desde o dia em que a primeira not\u00edcia&hellip; <\/p>\n","protected":false},"author":1,"featured_media":76953,"comment_status":"closed","ping_status":"closed","sticky":false,"template":"","format":"standard","meta":{"sfsi_plus_gutenberg_text_before_share":"","sfsi_plus_gutenberg_show_text_before_share":"","sfsi_plus_gutenberg_icon_type":"","sfsi_plus_gutenberg_icon_alignemt":"","sfsi_plus_gutenburg_max_per_row":"","footnotes":""},"categories":[13],"tags":[],"class_list":["post-76952","post","type-post","status-publish","format-standard","has-post-thumbnail","hentry","category-esportes"],"_links":{"self":[{"href":"https:\/\/www.caririemacao.com\/1\/wp-json\/wp\/v2\/posts\/76952","targetHints":{"allow":["GET"]}}],"collection":[{"href":"https:\/\/www.caririemacao.com\/1\/wp-json\/wp\/v2\/posts"}],"about":[{"href":"https:\/\/www.caririemacao.com\/1\/wp-json\/wp\/v2\/types\/post"}],"author":[{"embeddable":true,"href":"https:\/\/www.caririemacao.com\/1\/wp-json\/wp\/v2\/users\/1"}],"replies":[{"embeddable":true,"href":"https:\/\/www.caririemacao.com\/1\/wp-json\/wp\/v2\/comments?post=76952"}],"version-history":[{"count":1,"href":"https:\/\/www.caririemacao.com\/1\/wp-json\/wp\/v2\/posts\/76952\/revisions"}],"predecessor-version":[{"id":76954,"href":"https:\/\/www.caririemacao.com\/1\/wp-json\/wp\/v2\/posts\/76952\/revisions\/76954"}],"wp:featuredmedia":[{"embeddable":true,"href":"https:\/\/www.caririemacao.com\/1\/wp-json\/wp\/v2\/media\/76953"}],"wp:attachment":[{"href":"https:\/\/www.caririemacao.com\/1\/wp-json\/wp\/v2\/media?parent=76952"}],"wp:term":[{"taxonomy":"category","embeddable":true,"href":"https:\/\/www.caririemacao.com\/1\/wp-json\/wp\/v2\/categories?post=76952"},{"taxonomy":"post_tag","embeddable":true,"href":"https:\/\/www.caririemacao.com\/1\/wp-json\/wp\/v2\/tags?post=76952"}],"curies":[{"name":"wp","href":"https:\/\/api.w.org\/{rel}","templated":true}]}}