{"id":76962,"date":"2018-12-16T12:58:40","date_gmt":"2018-12-16T15:58:40","guid":{"rendered":"http:\/\/www.caririemacao.com\/1\/?p=76962"},"modified":"2018-12-16T12:58:40","modified_gmt":"2018-12-16T15:58:40","slug":"homem-comete-suicidio-na-zona-rural-em-monteiro","status":"publish","type":"post","link":"https:\/\/www.caririemacao.com\/1\/2018\/12\/16\/homem-comete-suicidio-na-zona-rural-em-monteiro\/","title":{"rendered":"Homem comete suic\u00eddio na zona rural em Monteiro"},"content":{"rendered":"<p>Um suic\u00eddio por meio de enforcamento foi registrado na zona rural do munic\u00edpio de Monteiro, no Cariri Paraibano, o caso aconteceu no in\u00edcio da manh\u00e3 deste domingo.<\/p>\n<p>De acordo com informa\u00e7\u00f5es, o caso aconteceu no s\u00edtio Santa Catarina, um senhor identificado por Z\u00e9 Vicentinho de aproximadamente 80 anos, tirou a pr\u00f3pria vida. O agricultou foi encontrado enforcado no ro\u00e7ado.<\/p>\n<p>Com OPIPOCO<\/p>\n","protected":false},"excerpt":{"rendered":"<p>Um suic\u00eddio por meio de enforcamento foi registrado na zona rural do munic\u00edpio de Monteiro, no Cariri Paraibano, o caso aconteceu no in\u00edcio da manh\u00e3&hellip; <\/p>\n","protected":false},"author":1,"featured_media":16349,"comment_status":"closed","ping_status":"closed","sticky":false,"template":"","format":"standard","meta":{"sfsi_plus_gutenberg_text_before_share":"","sfsi_plus_gutenberg_show_text_before_share":"","sfsi_plus_gutenberg_icon_type":"","sfsi_plus_gutenberg_icon_alignemt":"","sfsi_plus_gutenburg_max_per_row":"","footnotes":""},"categories":[50,12],"tags":[],"class_list":["post-76962","post","type-post","status-publish","format-standard","has-post-thumbnail","hentry","category-destaque","category-policia"],"_links":{"self":[{"href":"https:\/\/www.caririemacao.com\/1\/wp-json\/wp\/v2\/posts\/76962","targetHints":{"allow":["GET"]}}],"collection":[{"href":"https:\/\/www.caririemacao.com\/1\/wp-json\/wp\/v2\/posts"}],"about":[{"href":"https:\/\/www.caririemacao.com\/1\/wp-json\/wp\/v2\/types\/post"}],"author":[{"embeddable":true,"href":"https:\/\/www.caririemacao.com\/1\/wp-json\/wp\/v2\/users\/1"}],"replies":[{"embeddable":true,"href":"https:\/\/www.caririemacao.com\/1\/wp-json\/wp\/v2\/comments?post=76962"}],"version-history":[{"count":1,"href":"https:\/\/www.caririemacao.com\/1\/wp-json\/wp\/v2\/posts\/76962\/revisions"}],"predecessor-version":[{"id":76964,"href":"https:\/\/www.caririemacao.com\/1\/wp-json\/wp\/v2\/posts\/76962\/revisions\/76964"}],"wp:featuredmedia":[{"embeddable":true,"href":"https:\/\/www.caririemacao.com\/1\/wp-json\/wp\/v2\/media\/16349"}],"wp:attachment":[{"href":"https:\/\/www.caririemacao.com\/1\/wp-json\/wp\/v2\/media?parent=76962"}],"wp:term":[{"taxonomy":"category","embeddable":true,"href":"https:\/\/www.caririemacao.com\/1\/wp-json\/wp\/v2\/categories?post=76962"},{"taxonomy":"post_tag","embeddable":true,"href":"https:\/\/www.caririemacao.com\/1\/wp-json\/wp\/v2\/tags?post=76962"}],"curies":[{"name":"wp","href":"https:\/\/api.w.org\/{rel}","templated":true}]}}