{"id":76967,"date":"2018-12-16T13:11:51","date_gmt":"2018-12-16T16:11:51","guid":{"rendered":"http:\/\/www.caririemacao.com\/1\/?p=76967"},"modified":"2018-12-16T13:11:51","modified_gmt":"2018-12-16T16:11:51","slug":"bolsonaro-diz-que-pena-de-morte-nao-sera-debatida-em-seu-governo","status":"publish","type":"post","link":"https:\/\/www.caririemacao.com\/1\/2018\/12\/16\/bolsonaro-diz-que-pena-de-morte-nao-sera-debatida-em-seu-governo\/","title":{"rendered":"Bolsonaro diz que pena de morte n\u00e3o ser\u00e1 debatida em seu governo"},"content":{"rendered":"<p>O presidente eleito, Jair Bolsonaro, disse\u00a0hoje\u00a0(16), em sua conta no Twitter, que o tema pena de morte n\u00e3o ser\u00e1 debatido em seu governo. A afirma\u00e7\u00e3o foi feita ap\u00f3s a publica\u00e7\u00e3o de reportagem\u00a0pelo jornal <em>O Globo<\/em>\u00a0neste\u00a0domingo\u00a0com o deputado federal reeleito\u00a0Eduardo Bolsonaro\u00a0(PSL-SP). Segundo o texto,\u00a0o filho do presidente eleito defendeu \u201ca possibilidade de\u00a0pena de morte\u00a0para traficantes de drogas, a exemplo do que ocorre na Indon\u00e9sia, e para autores de crimes hediondos\u201d.<\/p>\n<p>\u201cEm destaque no jornal O Globo de\u00a0hoje\u00a0informou que, em meu governo, o assunto pena de morte ser\u00e1 motivo de debate. Al\u00e9m de tratar-se de cl\u00e1usula p\u00e9trea da Constitui\u00e7\u00e3o, n\u00e3o fez parte de minha campanha. Assunto encerrado antes que tornem isso um dos escarc\u00e9us propositais di\u00e1rios\u201d, escreveu Jair Bolsonaro em sua postagem.<\/p>\n<p>Segundo a reportagem do jornal, Eduardo Bolsonaro disse que um plebiscito pode ser usado para consultar os brasileiros sobre o assunto. A Constitui\u00e7\u00e3o trata a veda\u00e7\u00e3o \u00e0 pena de morte como uma cl\u00e1usula p\u00e9trea, que n\u00e3o pode ser mudada mesmo com uma proposta de Emenda \u00e0 Constitui\u00e7\u00e3o (PEC).<\/p>\n<p>\u201cEu sei que \u00e9 uma cl\u00e1usula p\u00e9trea da Constitui\u00e7\u00e3o, artigo 5\u00ba etc. Por\u00e9m, existem exce\u00e7\u00f5es. Uma \u00e9 para o desertor em caso de guerra. Por que n\u00e3o colocar outra exce\u00e7\u00e3o para crimes hediondos?\u201d, disse o deputado ao Globo.<\/p>\n<h2>Am\u00e9ricas<\/h2>\n<p>Nos \u00faltimos dias, Eduardo Bolsonaro manteve intensas conversas sobre o cen\u00e1rio internacional, especificamente os casos relativos \u00e0 Am\u00e9rica Latina. Ele foi ao Chile e se reuniu\u00a0tamb\u00e9m com representantes da Organiza\u00e7\u00e3o dos Estados Americanos (OEA), quando tratou sobre o caso da Venezuela.<\/p>\n<p>Para o parlamentar, \u00e9 preciso agir logo em rela\u00e7\u00e3o \u00e0 crise na Venezuela. Na sua opini\u00e3o, a alternativa \u00e9 um governo de transi\u00e7\u00e3o e a sa\u00edda imediata do atual presidente venezuelano, Nicol\u00e1s Maduro.<\/p>\n<p>Ele citou a situa\u00e7\u00e3o de Miguel Angel Mart\u00edn, o presidente do TSJ venezuelano, equivalente ao Supremo Tribunal Federal, que est\u00e1 exilado ao lado de outros magistrados. \u201cCabe a ele [Mart\u00edn] reconhecer juridicamente um governo de transi\u00e7\u00e3o p\/ Venezuela\u201d, diz o deputado na sua conta no Twitter.<\/p>\n<p>No Chile, Eduardo Bolsonaro se reuniu com o economista Jos\u00e9 Pi\u00f1era, irm\u00e3o do presidente chileno, Sebasti\u00e1n Pi\u00f1era, considerado refer\u00eancia no pa\u00eds.\u00a0Com uma foto, postada na rede social, ele aparece tomando vinho e conversando com o economista, exaltando suas virtudes e dizendo que ele foi \u00a0\u201co homem que com 29 anos fez as reformas que colocaram o miser\u00e1vel Chile nos trilhos\u201d.<\/p>\n<p>&nbsp;<\/p>\n<p>EBC<\/p>\n","protected":false},"excerpt":{"rendered":"<p>O presidente eleito, Jair Bolsonaro, disse\u00a0hoje\u00a0(16), em sua conta no Twitter, que o tema pena de morte n\u00e3o ser\u00e1 debatido em seu governo. A afirma\u00e7\u00e3o&hellip; <\/p>\n","protected":false},"author":1,"featured_media":76436,"comment_status":"closed","ping_status":"closed","sticky":false,"template":"","format":"standard","meta":{"sfsi_plus_gutenberg_text_before_share":"","sfsi_plus_gutenberg_show_text_before_share":"","sfsi_plus_gutenberg_icon_type":"","sfsi_plus_gutenberg_icon_alignemt":"","sfsi_plus_gutenburg_max_per_row":"","footnotes":""},"categories":[11],"tags":[],"class_list":["post-76967","post","type-post","status-publish","format-standard","has-post-thumbnail","hentry","category-politica"],"_links":{"self":[{"href":"https:\/\/www.caririemacao.com\/1\/wp-json\/wp\/v2\/posts\/76967","targetHints":{"allow":["GET"]}}],"collection":[{"href":"https:\/\/www.caririemacao.com\/1\/wp-json\/wp\/v2\/posts"}],"about":[{"href":"https:\/\/www.caririemacao.com\/1\/wp-json\/wp\/v2\/types\/post"}],"author":[{"embeddable":true,"href":"https:\/\/www.caririemacao.com\/1\/wp-json\/wp\/v2\/users\/1"}],"replies":[{"embeddable":true,"href":"https:\/\/www.caririemacao.com\/1\/wp-json\/wp\/v2\/comments?post=76967"}],"version-history":[{"count":2,"href":"https:\/\/www.caririemacao.com\/1\/wp-json\/wp\/v2\/posts\/76967\/revisions"}],"predecessor-version":[{"id":76969,"href":"https:\/\/www.caririemacao.com\/1\/wp-json\/wp\/v2\/posts\/76967\/revisions\/76969"}],"wp:featuredmedia":[{"embeddable":true,"href":"https:\/\/www.caririemacao.com\/1\/wp-json\/wp\/v2\/media\/76436"}],"wp:attachment":[{"href":"https:\/\/www.caririemacao.com\/1\/wp-json\/wp\/v2\/media?parent=76967"}],"wp:term":[{"taxonomy":"category","embeddable":true,"href":"https:\/\/www.caririemacao.com\/1\/wp-json\/wp\/v2\/categories?post=76967"},{"taxonomy":"post_tag","embeddable":true,"href":"https:\/\/www.caririemacao.com\/1\/wp-json\/wp\/v2\/tags?post=76967"}],"curies":[{"name":"wp","href":"https:\/\/api.w.org\/{rel}","templated":true}]}}