{"id":76981,"date":"2018-12-16T13:36:06","date_gmt":"2018-12-16T16:36:06","guid":{"rendered":"http:\/\/www.caririemacao.com\/1\/?p=76981"},"modified":"2018-12-16T13:36:06","modified_gmt":"2018-12-16T16:36:06","slug":"gremio-retoma-interesse-e-entra-em-disputa-por-marquinhos-gabriel","status":"publish","type":"post","link":"https:\/\/www.caririemacao.com\/1\/2018\/12\/16\/gremio-retoma-interesse-e-entra-em-disputa-por-marquinhos-gabriel\/","title":{"rendered":"Gr\u00eamio retoma interesse e entra em disputa por Marquinhos Gabriel"},"content":{"rendered":"<p>O Gr\u00eamio negocia para ter Marquinhos Gabriel em 2019. O meia-atacante, emprestado pelo Corinthians ao Al Nasr, dos Emirados \u00c1rabes Unidos, tamb\u00e9m interessa ao Fluminense e ao Vasco. O fato de voltar ao Rio Grande do Sul \u00e9 apontado como um trunfo gremista. As conversas est\u00e3o em est\u00e1gio avan\u00e7ado, mas tamb\u00e9m dependem da libera\u00e7\u00e3o dos \u00e1rabes.<\/p>\n<p>Aos 28 anos, Marquinhos Gabriel tem contrato com o Corinthians at\u00e9 julho de 2020.<\/p>\n<p>A vontade de contratar Marquinhos Gabriel \u00e9 antiga na Arena. O Gr\u00eamio j\u00e1 havia tentado acordo quando o meia-atacante foi destaque no Santos. O nome do jogador voltou \u00e0 tona quando das conversas pela libera\u00e7\u00e3o de Ramiro ao Corinthians. Ali, o clube paulista tratava com o Fluminense por Sornoza e listou Marquinhos Gabriel como integrante da opera\u00e7\u00e3o. O Gr\u00eamio demonstrou interesse e recebeu aval, mediante pagamento integral dos sal\u00e1rios.<\/p>\n<p>A negocia\u00e7\u00e3o, contudo, depende do Al Nasr. O clube dos Emirados \u00c1rabes tem op\u00e7\u00e3o de compra e no empr\u00e9stimo firmado com o Corinthians n\u00e3o h\u00e1 cl\u00e1usula que obriga libera\u00e7\u00e3o antecipada. Cabe a Marquinhos Gabriel negociar com os xeques o retorno ao Brasil.<\/p>\n<p>Revelado pelo Internacional, Marquinhos \u00e9 natural de Selbach, no noroeste do Rio Grande do Sul. A chance de voltar ao estado natal e jogar a Libertadores pesam a favor do Gr\u00eamio.<\/p>\n","protected":false},"excerpt":{"rendered":"<p>O Gr\u00eamio negocia para ter Marquinhos Gabriel em 2019. O meia-atacante, emprestado pelo Corinthians ao Al Nasr, dos Emirados \u00c1rabes Unidos, tamb\u00e9m interessa ao Fluminense&hellip; <\/p>\n","protected":false},"author":1,"featured_media":76982,"comment_status":"closed","ping_status":"closed","sticky":false,"template":"","format":"standard","meta":{"sfsi_plus_gutenberg_text_before_share":"","sfsi_plus_gutenberg_show_text_before_share":"","sfsi_plus_gutenberg_icon_type":"","sfsi_plus_gutenberg_icon_alignemt":"","sfsi_plus_gutenburg_max_per_row":"","footnotes":""},"categories":[13],"tags":[],"class_list":["post-76981","post","type-post","status-publish","format-standard","has-post-thumbnail","hentry","category-esportes"],"_links":{"self":[{"href":"https:\/\/www.caririemacao.com\/1\/wp-json\/wp\/v2\/posts\/76981","targetHints":{"allow":["GET"]}}],"collection":[{"href":"https:\/\/www.caririemacao.com\/1\/wp-json\/wp\/v2\/posts"}],"about":[{"href":"https:\/\/www.caririemacao.com\/1\/wp-json\/wp\/v2\/types\/post"}],"author":[{"embeddable":true,"href":"https:\/\/www.caririemacao.com\/1\/wp-json\/wp\/v2\/users\/1"}],"replies":[{"embeddable":true,"href":"https:\/\/www.caririemacao.com\/1\/wp-json\/wp\/v2\/comments?post=76981"}],"version-history":[{"count":1,"href":"https:\/\/www.caririemacao.com\/1\/wp-json\/wp\/v2\/posts\/76981\/revisions"}],"predecessor-version":[{"id":76983,"href":"https:\/\/www.caririemacao.com\/1\/wp-json\/wp\/v2\/posts\/76981\/revisions\/76983"}],"wp:featuredmedia":[{"embeddable":true,"href":"https:\/\/www.caririemacao.com\/1\/wp-json\/wp\/v2\/media\/76982"}],"wp:attachment":[{"href":"https:\/\/www.caririemacao.com\/1\/wp-json\/wp\/v2\/media?parent=76981"}],"wp:term":[{"taxonomy":"category","embeddable":true,"href":"https:\/\/www.caririemacao.com\/1\/wp-json\/wp\/v2\/categories?post=76981"},{"taxonomy":"post_tag","embeddable":true,"href":"https:\/\/www.caririemacao.com\/1\/wp-json\/wp\/v2\/tags?post=76981"}],"curies":[{"name":"wp","href":"https:\/\/api.w.org\/{rel}","templated":true}]}}