{"id":77011,"date":"2018-12-16T14:59:38","date_gmt":"2018-12-16T17:59:38","guid":{"rendered":"http:\/\/www.caririemacao.com\/1\/?p=77011"},"modified":"2018-12-16T14:59:38","modified_gmt":"2018-12-16T17:59:38","slug":"premio-referencia-se-consolida-como-maior-evento-de-premiacao-da-regiao-veja-fotos","status":"publish","type":"post","link":"https:\/\/www.caririemacao.com\/1\/2018\/12\/16\/premio-referencia-se-consolida-como-maior-evento-de-premiacao-da-regiao-veja-fotos\/","title":{"rendered":"Pr\u00eamio Refer\u00eancia se consolida como maior evento de premia\u00e7\u00e3o da regi\u00e3o; Veja FOTOS"},"content":{"rendered":"<p>Na sua 6\u00aa Edi\u00e7\u00e3o, o Pr\u00eamio Refer\u00eancia, realizado pelo Portal de Not\u00edcias Cariri em A\u00e7\u00e3o neste s\u00e1bado, 15 de dezembro, em Monteiro, mais uma vez fez homenagem as empresas, profissionais, ve\u00edculos de imprensa da regi\u00e3o, agentes p\u00fablicos, entidades e v\u00e1rios outros segmentos da sociedade.<\/p>\n<p><img fetchpriority=\"high\" decoding=\"async\" class=\"alignnone wp-image-77014 size-large\" src=\"http:\/\/www.caririemacao.com\/1\/wp-content\/uploads\/2018\/12\/ALBUM-02-HORIZONTAL-111-1024x682.jpg\" alt=\"\" width=\"800\" height=\"533\" srcset=\"https:\/\/www.caririemacao.com\/1\/wp-content\/uploads\/2018\/12\/ALBUM-02-HORIZONTAL-111-1024x682.jpg 1024w, https:\/\/www.caririemacao.com\/1\/wp-content\/uploads\/2018\/12\/ALBUM-02-HORIZONTAL-111-300x200.jpg 300w, https:\/\/www.caririemacao.com\/1\/wp-content\/uploads\/2018\/12\/ALBUM-02-HORIZONTAL-111-768x512.jpg 768w, https:\/\/www.caririemacao.com\/1\/wp-content\/uploads\/2018\/12\/ALBUM-02-HORIZONTAL-111.jpg 1280w\" sizes=\"(max-width: 800px) 100vw, 800px\" \/><\/p>\n<p>No total, o Cariri em A\u00e7\u00e3o premiou representantes de 23 cidades da regi\u00e3o, entregando a premia\u00e7\u00e3o \u00e0queles que foram indicados pela popula\u00e7\u00e3o como as refer\u00eancias no ano de 2018, por meio de pesquisas realizadas in loco.<\/p>\n<p><img decoding=\"async\" class=\"alignnone wp-image-77015 size-large lazyload\" data-src=\"http:\/\/www.caririemacao.com\/1\/wp-content\/uploads\/2018\/12\/ALBUM-02-HORIZONTAL-124-1024x682.jpg\" alt=\"\" width=\"800\" height=\"533\" data-srcset=\"https:\/\/www.caririemacao.com\/1\/wp-content\/uploads\/2018\/12\/ALBUM-02-HORIZONTAL-124-1024x682.jpg 1024w, https:\/\/www.caririemacao.com\/1\/wp-content\/uploads\/2018\/12\/ALBUM-02-HORIZONTAL-124-300x200.jpg 300w, https:\/\/www.caririemacao.com\/1\/wp-content\/uploads\/2018\/12\/ALBUM-02-HORIZONTAL-124-768x512.jpg 768w, https:\/\/www.caririemacao.com\/1\/wp-content\/uploads\/2018\/12\/ALBUM-02-HORIZONTAL-124.jpg 1280w\" data-sizes=\"(max-width: 800px) 100vw, 800px\" src=\"data:image\/svg+xml;base64,PHN2ZyB3aWR0aD0iMSIgaGVpZ2h0PSIxIiB4bWxucz0iaHR0cDovL3d3dy53My5vcmcvMjAwMC9zdmciPjwvc3ZnPg==\" style=\"--smush-placeholder-width: 800px; --smush-placeholder-aspect-ratio: 800\/533;\" \/><\/p>\n<p>Para o diretor do Cariri em A\u00e7\u00e3o, Marivaldo Alc\u00e2ntara, o Pr\u00eamio Refer\u00eancia premiou aqueles que foram o diferencial e que fizeram com que as pessoas as reconhecesse atrav\u00e9s de uma pesquisa s\u00e9ria e \u00e9tica. \u201cN\u00f3s que fazemos o Cariri em A\u00e7\u00e3o, idealizador do Pr\u00eamio Refer\u00eancia, n\u00e3o poder\u00edamos deixar de lhe prestar as nossas homenagens as pessoas e empresas que movimentam nossa sociedade\u201d, complementou.<\/p>\n<p><img decoding=\"async\" class=\"aligncenter wp-image-77016 size-large lazyload\" data-src=\"http:\/\/www.caririemacao.com\/1\/wp-content\/uploads\/2018\/12\/ALBUM-02-HORIZONTAL-142-1024x682.jpg\" alt=\"\" width=\"800\" height=\"533\" data-srcset=\"https:\/\/www.caririemacao.com\/1\/wp-content\/uploads\/2018\/12\/ALBUM-02-HORIZONTAL-142-1024x682.jpg 1024w, https:\/\/www.caririemacao.com\/1\/wp-content\/uploads\/2018\/12\/ALBUM-02-HORIZONTAL-142-300x200.jpg 300w, https:\/\/www.caririemacao.com\/1\/wp-content\/uploads\/2018\/12\/ALBUM-02-HORIZONTAL-142-768x512.jpg 768w, https:\/\/www.caririemacao.com\/1\/wp-content\/uploads\/2018\/12\/ALBUM-02-HORIZONTAL-142.jpg 1280w\" data-sizes=\"(max-width: 800px) 100vw, 800px\" src=\"data:image\/svg+xml;base64,PHN2ZyB3aWR0aD0iMSIgaGVpZ2h0PSIxIiB4bWxucz0iaHR0cDovL3d3dy53My5vcmcvMjAwMC9zdmciPjwvc3ZnPg==\" style=\"--smush-placeholder-width: 800px; --smush-placeholder-aspect-ratio: 800\/533;\" \/><\/p>\n<p>Com a edi\u00e7\u00e3o 2018 do evento, o Pr\u00eamio Refer\u00eancia, mais uma vez, mostra sua grandiosidade e mantem um padr\u00e3o que lhe d\u00e1 o t\u00edtulo de maior premia\u00e7\u00e3o de toda a regi\u00e3o.<\/p>\n<p><img decoding=\"async\" class=\"alignnone wp-image-77017 size-large lazyload\" data-src=\"http:\/\/www.caririemacao.com\/1\/wp-content\/uploads\/2018\/12\/ALBUM-02-HORIZONTAL-208-1024x682.jpg\" alt=\"\" width=\"800\" height=\"533\" data-srcset=\"https:\/\/www.caririemacao.com\/1\/wp-content\/uploads\/2018\/12\/ALBUM-02-HORIZONTAL-208-1024x682.jpg 1024w, https:\/\/www.caririemacao.com\/1\/wp-content\/uploads\/2018\/12\/ALBUM-02-HORIZONTAL-208-300x200.jpg 300w, https:\/\/www.caririemacao.com\/1\/wp-content\/uploads\/2018\/12\/ALBUM-02-HORIZONTAL-208-768x512.jpg 768w, https:\/\/www.caririemacao.com\/1\/wp-content\/uploads\/2018\/12\/ALBUM-02-HORIZONTAL-208.jpg 1280w\" data-sizes=\"(max-width: 800px) 100vw, 800px\" src=\"data:image\/svg+xml;base64,PHN2ZyB3aWR0aD0iMSIgaGVpZ2h0PSIxIiB4bWxucz0iaHR0cDovL3d3dy53My5vcmcvMjAwMC9zdmciPjwvc3ZnPg==\" style=\"--smush-placeholder-width: 800px; --smush-placeholder-aspect-ratio: 800\/533;\" \/><\/p>\n<p>VEJA FOTOS DA CERIM\u00d4NIA DE PREMIA\u00c7\u00c3O:<\/p>\n<p><a href=\"https:\/\/www.facebook.com\/pg\/CaririEmAcao\/photos\/?tab=album&amp;album_id=1431790650290287\"><b>\u00c1LBUM<\/b><strong>\u00a001<\/strong><\/a><\/p>\n<p><a href=\"https:\/\/www.facebook.com\/pg\/CaririEmAcao\/photos\/?tab=album&amp;album_id=1431811180288234\"><b>\u00c1LBUM<\/b><strong>\u00a002<\/strong><\/a><\/p>\n<p><a href=\"https:\/\/www.facebook.com\/pg\/CaririEmAcao\/photos\/?tab=album&amp;album_id=1431857293616956\"><b>\u00c1LBUM<\/b><strong>\u00a003<\/strong><\/a><\/p>\n","protected":false},"excerpt":{"rendered":"<p>Na sua 6\u00aa Edi\u00e7\u00e3o, o Pr\u00eamio Refer\u00eancia, realizado pelo Portal de Not\u00edcias Cariri em A\u00e7\u00e3o neste s\u00e1bado, 15 de dezembro, em Monteiro, mais uma vez&hellip; <\/p>\n","protected":false},"author":2,"featured_media":77012,"comment_status":"closed","ping_status":"closed","sticky":false,"template":"","format":"standard","meta":{"sfsi_plus_gutenberg_text_before_share":"","sfsi_plus_gutenberg_show_text_before_share":"","sfsi_plus_gutenberg_icon_type":"","sfsi_plus_gutenberg_icon_alignemt":"","sfsi_plus_gutenburg_max_per_row":"","footnotes":""},"categories":[50,2],"tags":[],"class_list":["post-77011","post","type-post","status-publish","format-standard","has-post-thumbnail","hentry","category-destaque","category-geral"],"_links":{"self":[{"href":"https:\/\/www.caririemacao.com\/1\/wp-json\/wp\/v2\/posts\/77011","targetHints":{"allow":["GET"]}}],"collection":[{"href":"https:\/\/www.caririemacao.com\/1\/wp-json\/wp\/v2\/posts"}],"about":[{"href":"https:\/\/www.caririemacao.com\/1\/wp-json\/wp\/v2\/types\/post"}],"author":[{"embeddable":true,"href":"https:\/\/www.caririemacao.com\/1\/wp-json\/wp\/v2\/users\/2"}],"replies":[{"embeddable":true,"href":"https:\/\/www.caririemacao.com\/1\/wp-json\/wp\/v2\/comments?post=77011"}],"version-history":[{"count":1,"href":"https:\/\/www.caririemacao.com\/1\/wp-json\/wp\/v2\/posts\/77011\/revisions"}],"predecessor-version":[{"id":77018,"href":"https:\/\/www.caririemacao.com\/1\/wp-json\/wp\/v2\/posts\/77011\/revisions\/77018"}],"wp:featuredmedia":[{"embeddable":true,"href":"https:\/\/www.caririemacao.com\/1\/wp-json\/wp\/v2\/media\/77012"}],"wp:attachment":[{"href":"https:\/\/www.caririemacao.com\/1\/wp-json\/wp\/v2\/media?parent=77011"}],"wp:term":[{"taxonomy":"category","embeddable":true,"href":"https:\/\/www.caririemacao.com\/1\/wp-json\/wp\/v2\/categories?post=77011"},{"taxonomy":"post_tag","embeddable":true,"href":"https:\/\/www.caririemacao.com\/1\/wp-json\/wp\/v2\/tags?post=77011"}],"curies":[{"name":"wp","href":"https:\/\/api.w.org\/{rel}","templated":true}]}}