{"id":77021,"date":"2018-12-17T11:20:19","date_gmt":"2018-12-17T14:20:19","guid":{"rendered":"http:\/\/www.caririemacao.com\/1\/?p=77021"},"modified":"2018-12-17T11:20:19","modified_gmt":"2018-12-17T14:20:19","slug":"referencias-de-sao-sebastiao-do-umbuzeiro-sao-premiadas-em-monteiro","status":"publish","type":"post","link":"https:\/\/www.caririemacao.com\/1\/2018\/12\/17\/referencias-de-sao-sebastiao-do-umbuzeiro-sao-premiadas-em-monteiro\/","title":{"rendered":"Referencias de S\u00e3o Sebasti\u00e3o do Umbuzeiro s\u00e3o premiadas em Monteiro"},"content":{"rendered":"<p>Foram premiadas as principais referencias de S\u00e3o Sebasti\u00e3o do Umbuzeiro no \u00faltimo s\u00e1bado em evento de gala promovido pelo site CARIRI EM A\u00c7\u00c3O<\/p>\n<p>A comitiva de SS do Umbuzeiro prestigiou o evento, com as presen\u00e7as entre outros, dos vereadores Cicero Lira, Bernardes e Celinha, do vice prefeito Chico de Mariano, e do assessor e comunicador Didi Milton entre outros<\/p>\n<p>Em SS do Umbuzeiro foram premiados o prefeito Adriano Wolff, o vice Chico de Mariano, os vereadores Celinha, Bernardes e Cicero Lira, o cidad\u00e3o REFERENCIA Chico Neves, o BLOG DO DIDI, o secret\u00e1rio Paulo, os deputados Adriano Galdino e Efraim Filho entre outros.<\/p>\n<p>\u201cNossa equipe est\u00e1 de parab\u00e9ns, pois os pr\u00eamios individuais refletem um trabalho coletivo de qualidade em prol de nossa popula\u00e7\u00e3o\u201d, parab\u00e9ns a todos n\u00f3s.<\/p>\n<p><strong>F\u00c1BIO BRITO<\/strong><\/p>\n","protected":false},"excerpt":{"rendered":"<p>Foram premiadas as principais referencias de S\u00e3o Sebasti\u00e3o do Umbuzeiro no \u00faltimo s\u00e1bado em evento de gala promovido pelo site CARIRI EM A\u00c7\u00c3O A comitiva&hellip; <\/p>\n","protected":false},"author":1,"featured_media":77025,"comment_status":"closed","ping_status":"closed","sticky":false,"template":"","format":"standard","meta":{"sfsi_plus_gutenberg_text_before_share":"","sfsi_plus_gutenberg_show_text_before_share":"","sfsi_plus_gutenberg_icon_type":"","sfsi_plus_gutenberg_icon_alignemt":"","sfsi_plus_gutenburg_max_per_row":"","footnotes":""},"categories":[6],"tags":[],"class_list":["post-77021","post","type-post","status-publish","format-standard","has-post-thumbnail","hentry","category-cidades"],"_links":{"self":[{"href":"https:\/\/www.caririemacao.com\/1\/wp-json\/wp\/v2\/posts\/77021","targetHints":{"allow":["GET"]}}],"collection":[{"href":"https:\/\/www.caririemacao.com\/1\/wp-json\/wp\/v2\/posts"}],"about":[{"href":"https:\/\/www.caririemacao.com\/1\/wp-json\/wp\/v2\/types\/post"}],"author":[{"embeddable":true,"href":"https:\/\/www.caririemacao.com\/1\/wp-json\/wp\/v2\/users\/1"}],"replies":[{"embeddable":true,"href":"https:\/\/www.caririemacao.com\/1\/wp-json\/wp\/v2\/comments?post=77021"}],"version-history":[{"count":1,"href":"https:\/\/www.caririemacao.com\/1\/wp-json\/wp\/v2\/posts\/77021\/revisions"}],"predecessor-version":[{"id":77026,"href":"https:\/\/www.caririemacao.com\/1\/wp-json\/wp\/v2\/posts\/77021\/revisions\/77026"}],"wp:featuredmedia":[{"embeddable":true,"href":"https:\/\/www.caririemacao.com\/1\/wp-json\/wp\/v2\/media\/77025"}],"wp:attachment":[{"href":"https:\/\/www.caririemacao.com\/1\/wp-json\/wp\/v2\/media?parent=77021"}],"wp:term":[{"taxonomy":"category","embeddable":true,"href":"https:\/\/www.caririemacao.com\/1\/wp-json\/wp\/v2\/categories?post=77021"},{"taxonomy":"post_tag","embeddable":true,"href":"https:\/\/www.caririemacao.com\/1\/wp-json\/wp\/v2\/tags?post=77021"}],"curies":[{"name":"wp","href":"https:\/\/api.w.org\/{rel}","templated":true}]}}