{"id":77027,"date":"2018-12-17T11:22:57","date_gmt":"2018-12-17T14:22:57","guid":{"rendered":"http:\/\/www.caririemacao.com\/1\/?p=77027"},"modified":"2018-12-17T11:22:57","modified_gmt":"2018-12-17T14:22:57","slug":"prefeito-jefferson-roberto-anuncia-pagamento-do-mes-de-dezembro-e-13o-salario-antes-do-natal","status":"publish","type":"post","link":"https:\/\/www.caririemacao.com\/1\/2018\/12\/17\/prefeito-jefferson-roberto-anuncia-pagamento-do-mes-de-dezembro-e-13o-salario-antes-do-natal\/","title":{"rendered":"Prefeito Jefferson Roberto anuncia pagamento do m\u00eas de dezembro e 13\u00ba sal\u00e1rio antes do Natal"},"content":{"rendered":"<p style=\"margin: 0px 0px 10px; padding: 0px; color: #333333; text-transform: none; text-indent: 0px; letter-spacing: normal; font-family: 'Helvetica Neue', Helvetica, Arial, sans-serif; font-size: 14px; font-style: normal; font-weight: normal; word-spacing: 0px; white-space: normal; box-sizing: border-box; orphans: 2; widows: 2; transition-duration: 0.5s; background-color: #ffffff; font-variant-ligatures: normal; font-variant-caps: normal; -webkit-text-stroke-width: 0px; text-decoration-style: initial; text-decoration-color: initial;\">O prefeito Jefferson Roberto confirmou o pagamento dos servidores da Prefeitura de S\u00e3o Jos\u00e9 dos Cordeiros para antes das festividades natalinas. Segundo o gestor, os funcionalismo municipal receber\u00e1 em um \u00fanico dia, em 20 de dezembro, o pagamento do 13\u00ba sal\u00e1rio somado ao sal\u00e1rio de dezembro.<\/p>\n<p style=\"margin: 0px 0px 10px; padding: 0px; color: #333333; text-transform: none; text-indent: 0px; letter-spacing: normal; font-family: 'Helvetica Neue', Helvetica, Arial, sans-serif; font-size: 14px; font-style: normal; font-weight: normal; word-spacing: 0px; white-space: normal; box-sizing: border-box; orphans: 2; widows: 2; transition-duration: 0.5s; background-color: #ffffff; font-variant-ligatures: normal; font-variant-caps: normal; -webkit-text-stroke-width: 0px; text-decoration-style: initial; text-decoration-color: initial;\">Jefferson revelou ainda que neste dia 20 ser\u00e1 repassado o \u00faltimo duod\u00e9cimo da C\u00e2mara de Vereadores e o repasse do INSS dos funcion\u00e1rios. A inten\u00e7\u00e3o \u00e9 cumprir com todas as obriga\u00e7\u00f5es com o funcionalismo antes das festividades de Natal, para que todos possam aproveitar da melhor forma as festas de final de ano.<\/p>\n<p style=\"margin: 0px 0px 10px; padding: 0px; color: #333333; text-transform: none; text-indent: 0px; letter-spacing: normal; font-family: 'Helvetica Neue', Helvetica, Arial, sans-serif; font-size: 14px; font-style: normal; font-weight: normal; word-spacing: 0px; white-space: normal; box-sizing: border-box; orphans: 2; widows: 2; transition-duration: 0.5s; background-color: #ffffff; font-variant-ligatures: normal; font-variant-caps: normal; -webkit-text-stroke-width: 0px; text-decoration-style: initial; text-decoration-color: initial;\">O gestor ainda revelou que espera virar o ano sem d\u00edvidas no munic\u00edpio, pagando aos fornecedores at\u00e9 o dia 30 de dezembro. \u201cN\u00f3s estamos trabalhando com planejamento e foco para atravessarmos o ano de 2018 sem d\u00edvidas e com a possibilidade de nos organizarmos para um ano ainda mais promissor em nossa administra\u00e7\u00e3o\u201d, reiterou o prefeito Jefferson Roberto.<\/p>\n<p style=\"margin: 0px 0px 10px; padding: 0px; color: #333333; text-transform: none; text-indent: 0px; letter-spacing: normal; font-family: 'Helvetica Neue', Helvetica, Arial, sans-serif; font-size: 14px; font-style: normal; font-weight: normal; word-spacing: 0px; white-space: normal; box-sizing: border-box; orphans: 2; widows: 2; transition-duration: 0.5s; background-color: #ffffff; font-variant-ligatures: normal; font-variant-caps: normal; -webkit-text-stroke-width: 0px; text-decoration-style: initial; text-decoration-color: initial;\">Fel\u00edcio Queiroz, secret\u00e1rio de administra\u00e7\u00e3o, destacou que a Prefeitura de S\u00e3o Jos\u00e9 dos Cordeiros tem uma gest\u00e3o comprometida com as principais necessidades do munic\u00edpio, mas sem jamais se desligar do equil\u00edbrio de gastos e investimentos. \u201cCom o pagamento em dia do funcionalismo ao longo de todo o ano, estamos cumprindo nosso compromisso com o servidor, mas ainda aquecendo nosso com\u00e9rcio e, portanto, fortalecendo nosso munic\u00edpio\u201d.<\/p>\n<p>&nbsp;<\/p>\n<p>Ascom<\/p>\n","protected":false},"excerpt":{"rendered":"<p>O prefeito Jefferson Roberto confirmou o pagamento dos servidores da Prefeitura de S\u00e3o Jos\u00e9 dos Cordeiros para antes das festividades natalinas. Segundo o gestor, os&hellip; <\/p>\n","protected":false},"author":1,"featured_media":56987,"comment_status":"closed","ping_status":"closed","sticky":false,"template":"","format":"standard","meta":{"sfsi_plus_gutenberg_text_before_share":"","sfsi_plus_gutenberg_show_text_before_share":"","sfsi_plus_gutenberg_icon_type":"","sfsi_plus_gutenberg_icon_alignemt":"","sfsi_plus_gutenburg_max_per_row":"","footnotes":""},"categories":[6],"tags":[],"class_list":["post-77027","post","type-post","status-publish","format-standard","has-post-thumbnail","hentry","category-cidades"],"_links":{"self":[{"href":"https:\/\/www.caririemacao.com\/1\/wp-json\/wp\/v2\/posts\/77027","targetHints":{"allow":["GET"]}}],"collection":[{"href":"https:\/\/www.caririemacao.com\/1\/wp-json\/wp\/v2\/posts"}],"about":[{"href":"https:\/\/www.caririemacao.com\/1\/wp-json\/wp\/v2\/types\/post"}],"author":[{"embeddable":true,"href":"https:\/\/www.caririemacao.com\/1\/wp-json\/wp\/v2\/users\/1"}],"replies":[{"embeddable":true,"href":"https:\/\/www.caririemacao.com\/1\/wp-json\/wp\/v2\/comments?post=77027"}],"version-history":[{"count":1,"href":"https:\/\/www.caririemacao.com\/1\/wp-json\/wp\/v2\/posts\/77027\/revisions"}],"predecessor-version":[{"id":77028,"href":"https:\/\/www.caririemacao.com\/1\/wp-json\/wp\/v2\/posts\/77027\/revisions\/77028"}],"wp:featuredmedia":[{"embeddable":true,"href":"https:\/\/www.caririemacao.com\/1\/wp-json\/wp\/v2\/media\/56987"}],"wp:attachment":[{"href":"https:\/\/www.caririemacao.com\/1\/wp-json\/wp\/v2\/media?parent=77027"}],"wp:term":[{"taxonomy":"category","embeddable":true,"href":"https:\/\/www.caririemacao.com\/1\/wp-json\/wp\/v2\/categories?post=77027"},{"taxonomy":"post_tag","embeddable":true,"href":"https:\/\/www.caririemacao.com\/1\/wp-json\/wp\/v2\/tags?post=77027"}],"curies":[{"name":"wp","href":"https:\/\/api.w.org\/{rel}","templated":true}]}}