{"id":77032,"date":"2018-12-17T11:28:51","date_gmt":"2018-12-17T14:28:51","guid":{"rendered":"http:\/\/www.caririemacao.com\/1\/?p=77032"},"modified":"2018-12-17T11:28:51","modified_gmt":"2018-12-17T14:28:51","slug":"prefeito-sandro-moco-e-vice-kiel-recebem-premio-referencia","status":"publish","type":"post","link":"https:\/\/www.caririemacao.com\/1\/2018\/12\/17\/prefeito-sandro-moco-e-vice-kiel-recebem-premio-referencia\/","title":{"rendered":"Prefeito Sandro M\u00f4co e vice Kiel recebem PREMIO REFERENCIA"},"content":{"rendered":"<p><img fetchpriority=\"high\" decoding=\"async\" class=\"alignnone  wp-image-77033\" src=\"http:\/\/www.caririemacao.com\/1\/wp-content\/uploads\/2018\/12\/2-300x200.jpg\" alt=\"\" width=\"443\" height=\"295\" srcset=\"https:\/\/www.caririemacao.com\/1\/wp-content\/uploads\/2018\/12\/2-300x200.jpg 300w, https:\/\/www.caririemacao.com\/1\/wp-content\/uploads\/2018\/12\/2-768x512.jpg 768w, https:\/\/www.caririemacao.com\/1\/wp-content\/uploads\/2018\/12\/2.jpg 960w\" sizes=\"(max-width: 443px) 100vw, 443px\" \/><\/p>\n<p>O prefeito de Camala\u00fa e o vice prefeito Kiel S\u00f3stenes foram premados neste S\u00e1bado atrav\u00e9s do recebimento do PREMIO REFERENCIA 2018.<\/p>\n<p>\u00c9 mais uma premia\u00e7\u00e3o que comprova a qualidade e a capacidade da atual gest\u00e3o de Camala\u00fa.<\/p>\n<p>O prefeito compareceu ao evento, mas teve que sair para outro compromisso em seu munic\u00edpio e foi representado no momento da entrega pelo vice prefeito.<\/p>\n<p><strong>F\u00c1BIO BRITO<\/strong><\/p>\n","protected":false},"excerpt":{"rendered":"<p>O prefeito de Camala\u00fa e o vice prefeito Kiel S\u00f3stenes foram premados neste S\u00e1bado atrav\u00e9s do recebimento do PREMIO REFERENCIA 2018. \u00c9 mais uma premia\u00e7\u00e3o&hellip; <\/p>\n","protected":false},"author":1,"featured_media":77034,"comment_status":"closed","ping_status":"closed","sticky":false,"template":"","format":"standard","meta":{"sfsi_plus_gutenberg_text_before_share":"","sfsi_plus_gutenberg_show_text_before_share":"","sfsi_plus_gutenberg_icon_type":"","sfsi_plus_gutenberg_icon_alignemt":"","sfsi_plus_gutenburg_max_per_row":"","footnotes":""},"categories":[11],"tags":[],"class_list":["post-77032","post","type-post","status-publish","format-standard","has-post-thumbnail","hentry","category-politica"],"_links":{"self":[{"href":"https:\/\/www.caririemacao.com\/1\/wp-json\/wp\/v2\/posts\/77032","targetHints":{"allow":["GET"]}}],"collection":[{"href":"https:\/\/www.caririemacao.com\/1\/wp-json\/wp\/v2\/posts"}],"about":[{"href":"https:\/\/www.caririemacao.com\/1\/wp-json\/wp\/v2\/types\/post"}],"author":[{"embeddable":true,"href":"https:\/\/www.caririemacao.com\/1\/wp-json\/wp\/v2\/users\/1"}],"replies":[{"embeddable":true,"href":"https:\/\/www.caririemacao.com\/1\/wp-json\/wp\/v2\/comments?post=77032"}],"version-history":[{"count":1,"href":"https:\/\/www.caririemacao.com\/1\/wp-json\/wp\/v2\/posts\/77032\/revisions"}],"predecessor-version":[{"id":77035,"href":"https:\/\/www.caririemacao.com\/1\/wp-json\/wp\/v2\/posts\/77032\/revisions\/77035"}],"wp:featuredmedia":[{"embeddable":true,"href":"https:\/\/www.caririemacao.com\/1\/wp-json\/wp\/v2\/media\/77034"}],"wp:attachment":[{"href":"https:\/\/www.caririemacao.com\/1\/wp-json\/wp\/v2\/media?parent=77032"}],"wp:term":[{"taxonomy":"category","embeddable":true,"href":"https:\/\/www.caririemacao.com\/1\/wp-json\/wp\/v2\/categories?post=77032"},{"taxonomy":"post_tag","embeddable":true,"href":"https:\/\/www.caririemacao.com\/1\/wp-json\/wp\/v2\/tags?post=77032"}],"curies":[{"name":"wp","href":"https:\/\/api.w.org\/{rel}","templated":true}]}}