{"id":77037,"date":"2018-12-17T11:31:19","date_gmt":"2018-12-17T14:31:19","guid":{"rendered":"http:\/\/www.caririemacao.com\/1\/?p=77037"},"modified":"2018-12-17T11:31:19","modified_gmt":"2018-12-17T14:31:19","slug":"cec-educacional-recebe-premio-referencia","status":"publish","type":"post","link":"https:\/\/www.caririemacao.com\/1\/2018\/12\/17\/cec-educacional-recebe-premio-referencia\/","title":{"rendered":"CEC EDUCACIONAL recebe PREMIO REFERENCIA"},"content":{"rendered":"<p>Uma noite para confirmar a qualidade de ensino e a capacidade da premiad\u00edssima equipe do CEC EDUCACIONAL.<\/p>\n<p>A institui\u00e7\u00e3o de ensino foi premiada durante a cerim\u00f4nia do PREMIO REFERENCIA pelos seus servi\u00e7os prestados n\u00e3o s\u00f3 em Monteiro,mas sendo reconhecida tamb\u00e9m como institui\u00e7\u00e3o de ensino REFERENCIA em Jata\u00faba, Sum\u00e9 e Serra Branca.<\/p>\n<p>\u201cFicamos orgulhosos com o resultado obtido pelo reconhecimento da pr\u00f3pria popula\u00e7\u00e3o, j\u00e1 que a vota\u00e7\u00e3o \u00e9 extremamente democr\u00e1tica e feita com muita lisura. Isto nos empolga a trabalhar cada vez mais para levar educa\u00e7\u00e3o de qualidade para nossos alunos\u201d, disse o professor e diretor do CEC C\u00edcero Roberto<\/p>\n<p>F\u00c1BIO BRITO<\/p>\n","protected":false},"excerpt":{"rendered":"<p>Uma noite para confirmar a qualidade de ensino e a capacidade da premiad\u00edssima equipe do CEC EDUCACIONAL. A institui\u00e7\u00e3o de ensino foi premiada durante a&hellip; <\/p>\n","protected":false},"author":1,"featured_media":77038,"comment_status":"closed","ping_status":"closed","sticky":false,"template":"","format":"standard","meta":{"sfsi_plus_gutenberg_text_before_share":"","sfsi_plus_gutenberg_show_text_before_share":"","sfsi_plus_gutenberg_icon_type":"","sfsi_plus_gutenberg_icon_alignemt":"","sfsi_plus_gutenburg_max_per_row":"","footnotes":""},"categories":[2],"tags":[],"class_list":["post-77037","post","type-post","status-publish","format-standard","has-post-thumbnail","hentry","category-geral"],"_links":{"self":[{"href":"https:\/\/www.caririemacao.com\/1\/wp-json\/wp\/v2\/posts\/77037","targetHints":{"allow":["GET"]}}],"collection":[{"href":"https:\/\/www.caririemacao.com\/1\/wp-json\/wp\/v2\/posts"}],"about":[{"href":"https:\/\/www.caririemacao.com\/1\/wp-json\/wp\/v2\/types\/post"}],"author":[{"embeddable":true,"href":"https:\/\/www.caririemacao.com\/1\/wp-json\/wp\/v2\/users\/1"}],"replies":[{"embeddable":true,"href":"https:\/\/www.caririemacao.com\/1\/wp-json\/wp\/v2\/comments?post=77037"}],"version-history":[{"count":1,"href":"https:\/\/www.caririemacao.com\/1\/wp-json\/wp\/v2\/posts\/77037\/revisions"}],"predecessor-version":[{"id":77039,"href":"https:\/\/www.caririemacao.com\/1\/wp-json\/wp\/v2\/posts\/77037\/revisions\/77039"}],"wp:featuredmedia":[{"embeddable":true,"href":"https:\/\/www.caririemacao.com\/1\/wp-json\/wp\/v2\/media\/77038"}],"wp:attachment":[{"href":"https:\/\/www.caririemacao.com\/1\/wp-json\/wp\/v2\/media?parent=77037"}],"wp:term":[{"taxonomy":"category","embeddable":true,"href":"https:\/\/www.caririemacao.com\/1\/wp-json\/wp\/v2\/categories?post=77037"},{"taxonomy":"post_tag","embeddable":true,"href":"https:\/\/www.caririemacao.com\/1\/wp-json\/wp\/v2\/tags?post=77037"}],"curies":[{"name":"wp","href":"https:\/\/api.w.org\/{rel}","templated":true}]}}