{"id":77040,"date":"2018-12-17T11:34:09","date_gmt":"2018-12-17T14:34:09","guid":{"rendered":"http:\/\/www.caririemacao.com\/1\/?p=77040"},"modified":"2018-12-17T11:34:09","modified_gmt":"2018-12-17T14:34:09","slug":"prefeita-de-monteiro-recebe-premio-referencia-de-qualidade-como-gestora","status":"publish","type":"post","link":"https:\/\/www.caririemacao.com\/1\/2018\/12\/17\/prefeita-de-monteiro-recebe-premio-referencia-de-qualidade-como-gestora\/","title":{"rendered":"Prefeita de Monteiro recebe Pr\u00eamio Refer\u00eancia de qualidade como gestora"},"content":{"rendered":"<div class=\"wpusb-item wpusb-facebook \"><\/div>\n<div class=\"wpusb-item wpusb-share \"><\/div>\n<p><img fetchpriority=\"high\" decoding=\"async\" class=\"alignleft size-medium wp-image-29934\" src=\"http:\/\/www.vitrinedocariri.com.br\/wp-content\/uploads\/2018\/12\/003-21-300x169.jpg\" alt=\"\" width=\"300\" height=\"169\" \/>A prefeita de Monteiro, Anna Lorena, recebeu na noite do \u00faltimo s\u00e1bado, 15, mais um pr\u00eamio que veio ratificar a qualidade de sua gest\u00e3o em apenas dois anos do seu primeiro mandato.<\/p>\n<p>A prefeita recebeu no Centro Cultural Alexandre da Silva Brito, o PR\u00caMIO REFER\u00caNCIA de qualidade como gestora, de acordo com pesquisa de opini\u00e3o p\u00fablica promovida pelo portal Cariri em A\u00e7\u00e3o.<\/p>\n<p>Anna Lorena esteve no evento ao lado da secret\u00e1ria de planejamento, Waldirene Alves, do vice-prefeito Celecileno Alves, que tamb\u00e9m foi premiado como vice-prefeito Refer\u00eancia, e do presidente da C\u00e2mara de Monteiro, Bero de Bertino, que tamb\u00e9m foi premiado como vereador Refer\u00eancia.<\/p>\n<p>\u201cRecebo mais esta premia\u00e7\u00e3o, como motivo de reflex\u00e3o sobre estar no caminho certo, e como incentivo em rela\u00e7\u00e3o ao futuro do nosso projeto administrativo que tem o reconhecimento da nossa popula\u00e7\u00e3o. Obrigado a todos pela confian\u00e7a e muito trabalho \u00e9 o que posso desejar pelo nosso povo em 2019\u201d, disse a prefeita ap\u00f3s a premia\u00e7\u00e3o.<\/p>\n<p>&nbsp;<\/p>\n<p>Vitrine do Cariri<\/p>\n","protected":false},"excerpt":{"rendered":"<p>A prefeita de Monteiro, Anna Lorena, recebeu na noite do \u00faltimo s\u00e1bado, 15, mais um pr\u00eamio que veio ratificar a qualidade de sua gest\u00e3o em&hellip; <\/p>\n","protected":false},"author":1,"featured_media":55561,"comment_status":"closed","ping_status":"closed","sticky":false,"template":"","format":"standard","meta":{"sfsi_plus_gutenberg_text_before_share":"","sfsi_plus_gutenberg_show_text_before_share":"","sfsi_plus_gutenberg_icon_type":"","sfsi_plus_gutenberg_icon_alignemt":"","sfsi_plus_gutenburg_max_per_row":"","footnotes":""},"categories":[11],"tags":[],"class_list":["post-77040","post","type-post","status-publish","format-standard","has-post-thumbnail","hentry","category-politica"],"_links":{"self":[{"href":"https:\/\/www.caririemacao.com\/1\/wp-json\/wp\/v2\/posts\/77040","targetHints":{"allow":["GET"]}}],"collection":[{"href":"https:\/\/www.caririemacao.com\/1\/wp-json\/wp\/v2\/posts"}],"about":[{"href":"https:\/\/www.caririemacao.com\/1\/wp-json\/wp\/v2\/types\/post"}],"author":[{"embeddable":true,"href":"https:\/\/www.caririemacao.com\/1\/wp-json\/wp\/v2\/users\/1"}],"replies":[{"embeddable":true,"href":"https:\/\/www.caririemacao.com\/1\/wp-json\/wp\/v2\/comments?post=77040"}],"version-history":[{"count":1,"href":"https:\/\/www.caririemacao.com\/1\/wp-json\/wp\/v2\/posts\/77040\/revisions"}],"predecessor-version":[{"id":77041,"href":"https:\/\/www.caririemacao.com\/1\/wp-json\/wp\/v2\/posts\/77040\/revisions\/77041"}],"wp:featuredmedia":[{"embeddable":true,"href":"https:\/\/www.caririemacao.com\/1\/wp-json\/wp\/v2\/media\/55561"}],"wp:attachment":[{"href":"https:\/\/www.caririemacao.com\/1\/wp-json\/wp\/v2\/media?parent=77040"}],"wp:term":[{"taxonomy":"category","embeddable":true,"href":"https:\/\/www.caririemacao.com\/1\/wp-json\/wp\/v2\/categories?post=77040"},{"taxonomy":"post_tag","embeddable":true,"href":"https:\/\/www.caririemacao.com\/1\/wp-json\/wp\/v2\/tags?post=77040"}],"curies":[{"name":"wp","href":"https:\/\/api.w.org\/{rel}","templated":true}]}}