{"id":77043,"date":"2018-12-17T11:36:09","date_gmt":"2018-12-17T14:36:09","guid":{"rendered":"http:\/\/www.caririemacao.com\/1\/?p=77043"},"modified":"2018-12-17T11:36:09","modified_gmt":"2018-12-17T14:36:09","slug":"prefeito-de-gurjao-fica-entre-os-30-melhores-gestores-da-paraiba","status":"publish","type":"post","link":"https:\/\/www.caririemacao.com\/1\/2018\/12\/17\/prefeito-de-gurjao-fica-entre-os-30-melhores-gestores-da-paraiba\/","title":{"rendered":"Prefeito de Gurj\u00e3o fica entre os 30 melhores gestores da Para\u00edba"},"content":{"rendered":"<p>O Prefeito de Gurj\u00e3o Ronaldo Queiroz foi um dos Prefeitos homenageados na noite da ultima sexta-feira(14), durante a festa de comemora\u00e7\u00e3o dos 20 anos da Revista A Tribuna, uma das publica\u00e7\u00f5es mais respeitadas do segmento da pol\u00edtica paraibana. O evento aconteceu na sede da Associa\u00e7\u00e3o Paraibana de Imprensa (API), em Jo\u00e3o Pessoa.<\/p>\n<p>Ronaldo que pelo 6\u00ba ano seguido recebe a premia\u00e7\u00e3o da Revista Tribuna, elei\u00e7\u00e3o essa que \u00e9 realizada pelos jornalistas da Para\u00edba, \u201cFiquei muito feliz com o resultado, estou no meu sexto ano de mandato e sempre focado em trabalhar por Gurj\u00e3o, sou filho dessa cidade e seguirei sempre atr\u00e1s de projetos e investimentos nos setores importantes para nossa cidade, tenho a agradecer aos jornalistas pela escolha e a revista pela publica\u00e7\u00e3o e dizer que estou muito feliz e honrado em poder ser homenageado como destaque em 223 munic\u00edpios est\u00e1 em 30 melhores.<\/p>\n<p>\u00c9 um orgulho pela revista tribuna, nos seus 20 anos de hist\u00f3ria, s\u00e3o seis anos de mandato e v\u00e1rios importantes pr\u00eamios durante esse trajeto. Reconhecimento e homenagem como essa, nos motiva a trabalhar cada vez mais no cuidado pela nossa Gurj\u00e3o e agradecer a esse homem de fibra que \u00e9 Manoel Raposo pelo empenho e carinho com esse grande patrim\u00f4nio do nosso estado que \u00e9 a Revista a Tribuna \u201d, agradeceu Ronaldo.<\/p>\n<p>A enquete \u00e9 realizada h\u00e1 mais de dez anos e tem o intuito de mostrar para a opini\u00e3o p\u00fablica o resultado dos trabalhos dos parlamentares paraibanos. Os profissionais que participaram da enquete analisaram o desempenho dos deputados federais e estaduais, do governador, dos secret\u00e1rios da Capital e de Estado, dos vereadores, al\u00e9m de prefeitos da Para\u00edba.<\/p>\n","protected":false},"excerpt":{"rendered":"<p>O Prefeito de Gurj\u00e3o Ronaldo Queiroz foi um dos Prefeitos homenageados na noite da ultima sexta-feira(14), durante a festa de comemora\u00e7\u00e3o dos 20 anos da&hellip; <\/p>\n","protected":false},"author":1,"featured_media":48072,"comment_status":"closed","ping_status":"closed","sticky":false,"template":"","format":"standard","meta":{"sfsi_plus_gutenberg_text_before_share":"","sfsi_plus_gutenberg_show_text_before_share":"","sfsi_plus_gutenberg_icon_type":"","sfsi_plus_gutenberg_icon_alignemt":"","sfsi_plus_gutenburg_max_per_row":"","footnotes":""},"categories":[6],"tags":[],"class_list":["post-77043","post","type-post","status-publish","format-standard","has-post-thumbnail","hentry","category-cidades"],"_links":{"self":[{"href":"https:\/\/www.caririemacao.com\/1\/wp-json\/wp\/v2\/posts\/77043","targetHints":{"allow":["GET"]}}],"collection":[{"href":"https:\/\/www.caririemacao.com\/1\/wp-json\/wp\/v2\/posts"}],"about":[{"href":"https:\/\/www.caririemacao.com\/1\/wp-json\/wp\/v2\/types\/post"}],"author":[{"embeddable":true,"href":"https:\/\/www.caririemacao.com\/1\/wp-json\/wp\/v2\/users\/1"}],"replies":[{"embeddable":true,"href":"https:\/\/www.caririemacao.com\/1\/wp-json\/wp\/v2\/comments?post=77043"}],"version-history":[{"count":1,"href":"https:\/\/www.caririemacao.com\/1\/wp-json\/wp\/v2\/posts\/77043\/revisions"}],"predecessor-version":[{"id":77044,"href":"https:\/\/www.caririemacao.com\/1\/wp-json\/wp\/v2\/posts\/77043\/revisions\/77044"}],"wp:featuredmedia":[{"embeddable":true,"href":"https:\/\/www.caririemacao.com\/1\/wp-json\/wp\/v2\/media\/48072"}],"wp:attachment":[{"href":"https:\/\/www.caririemacao.com\/1\/wp-json\/wp\/v2\/media?parent=77043"}],"wp:term":[{"taxonomy":"category","embeddable":true,"href":"https:\/\/www.caririemacao.com\/1\/wp-json\/wp\/v2\/categories?post=77043"},{"taxonomy":"post_tag","embeddable":true,"href":"https:\/\/www.caririemacao.com\/1\/wp-json\/wp\/v2\/tags?post=77043"}],"curies":[{"name":"wp","href":"https:\/\/api.w.org\/{rel}","templated":true}]}}