{"id":77045,"date":"2018-12-17T11:38:06","date_gmt":"2018-12-17T14:38:06","guid":{"rendered":"http:\/\/www.caririemacao.com\/1\/?p=77045"},"modified":"2018-12-17T11:38:06","modified_gmt":"2018-12-17T14:38:06","slug":"sitio-do-meio-conquista-titulo-da-copa-dr-chico-de-futebol-amador-2018","status":"publish","type":"post","link":"https:\/\/www.caririemacao.com\/1\/2018\/12\/17\/sitio-do-meio-conquista-titulo-da-copa-dr-chico-de-futebol-amador-2018\/","title":{"rendered":"S\u00edtio do Meio conquista t\u00edtulo da Copa Dr. Chico de Futebol Amador 2018"},"content":{"rendered":"<p>Nasce uma nova hegemonia no futebol amador de Monteiro. Com uma campanha irretoc\u00e1vel e um elenco \u201cestelar\u201d, a equipe do S\u00edtio do Meio sagrou-se bi campe\u00e3 da Copa Dr. Chico de Futebol Amador na tarde deste domingo, 16, no lotad\u00edssimo est\u00e1dio O Feitos\u00e3o.<a name=\"_GoBack\"><\/a><\/p>\n<p>O evento contou com uma grande programa\u00e7\u00e3o promovida pela Prefeitura Municipal, abrindo com emocionante Hino Nacional com arranjo especial, \u00a0e a assinatura da Ordem de Servi\u00e7o para in\u00edcio das obras de constru\u00e7\u00e3o do novo complexo esportivo O Feitos\u00e3o, que contar\u00e1 com pista de atletismo, quadras poliesportivas, academia, amplia\u00e7\u00e3o da arquibancada, constru\u00e7\u00e3o de novos vesti\u00e1rios, entre outras melhorias.<img fetchpriority=\"high\" decoding=\"async\" class=\"alignleft size-medium wp-image-29957\" src=\"http:\/\/www.vitrinedocariri.com.br\/wp-content\/uploads\/2018\/12\/DD67EDD1-1605-4B00-AC82-90874FD4BE13-300x201.jpeg\" alt=\"\" width=\"300\" height=\"201\" \/><\/p>\n<p>Em campo, na disputa de 3\u00ba e 4\u00ba lugar, o Angiquinhovenceu o Barrad\u00e3o pelo placar de 1 a 0, gol marcado por \u201cSerrote\u201d e conquistou o trof\u00e9u \u201cD\u00e9da Chagas\u201d. O Barrad\u00e3o vai receber o trof\u00e9u \u201cZ\u00e9 Viana\u201d.<\/p>\n<p>J\u00e1 na grande final, em jogo de muito equil\u00edbrio, o S\u00edtio do Meio venceu a Gamileira por 1 a 0, gol de Rafael \u201cPelota\u201d e levantou o trof\u00e9u em homenagem ao radialista e desportista \u201cSimorion Matos\u201d.<\/p>\n<p>J\u00e1 a valente equipe da Gamileira ficou com o trof\u00e9u \u201cSaul Formiga\u201d.<\/p>\n<p>No pr\u00f3ximo dia 22 haver\u00e1 a entrega das medalhas e premia\u00e7\u00f5es em dinheiro al\u00e9m das premia\u00e7\u00f5es individuais em evento que contar\u00e1 com a presen\u00e7a de autoridades, desportistas e atletas.<\/p>\n<p>A Copa Dr. Chico de Futebol Amador teve a maior premia\u00e7\u00e3o da hist\u00f3ria com R$ 6 mil reais de pr\u00eamio, apenas para o grande campe\u00e3o. O evento foi promovido com recursos pr\u00f3prios e contou com a parceria \u00a0do Armaz\u00e9m Para\u00edba.<\/p>\n","protected":false},"excerpt":{"rendered":"<p>Nasce uma nova hegemonia no futebol amador de Monteiro. Com uma campanha irretoc\u00e1vel e um elenco \u201cestelar\u201d, a equipe do S\u00edtio do Meio sagrou-se bi&hellip; <\/p>\n","protected":false},"author":1,"featured_media":77046,"comment_status":"closed","ping_status":"closed","sticky":false,"template":"","format":"standard","meta":{"sfsi_plus_gutenberg_text_before_share":"","sfsi_plus_gutenberg_show_text_before_share":"","sfsi_plus_gutenberg_icon_type":"","sfsi_plus_gutenberg_icon_alignemt":"","sfsi_plus_gutenburg_max_per_row":"","footnotes":""},"categories":[13],"tags":[],"class_list":["post-77045","post","type-post","status-publish","format-standard","has-post-thumbnail","hentry","category-esportes"],"_links":{"self":[{"href":"https:\/\/www.caririemacao.com\/1\/wp-json\/wp\/v2\/posts\/77045","targetHints":{"allow":["GET"]}}],"collection":[{"href":"https:\/\/www.caririemacao.com\/1\/wp-json\/wp\/v2\/posts"}],"about":[{"href":"https:\/\/www.caririemacao.com\/1\/wp-json\/wp\/v2\/types\/post"}],"author":[{"embeddable":true,"href":"https:\/\/www.caririemacao.com\/1\/wp-json\/wp\/v2\/users\/1"}],"replies":[{"embeddable":true,"href":"https:\/\/www.caririemacao.com\/1\/wp-json\/wp\/v2\/comments?post=77045"}],"version-history":[{"count":1,"href":"https:\/\/www.caririemacao.com\/1\/wp-json\/wp\/v2\/posts\/77045\/revisions"}],"predecessor-version":[{"id":77047,"href":"https:\/\/www.caririemacao.com\/1\/wp-json\/wp\/v2\/posts\/77045\/revisions\/77047"}],"wp:featuredmedia":[{"embeddable":true,"href":"https:\/\/www.caririemacao.com\/1\/wp-json\/wp\/v2\/media\/77046"}],"wp:attachment":[{"href":"https:\/\/www.caririemacao.com\/1\/wp-json\/wp\/v2\/media?parent=77045"}],"wp:term":[{"taxonomy":"category","embeddable":true,"href":"https:\/\/www.caririemacao.com\/1\/wp-json\/wp\/v2\/categories?post=77045"},{"taxonomy":"post_tag","embeddable":true,"href":"https:\/\/www.caririemacao.com\/1\/wp-json\/wp\/v2\/tags?post=77045"}],"curies":[{"name":"wp","href":"https:\/\/api.w.org\/{rel}","templated":true}]}}